{"id":5149,"date":"2020-03-11T20:54:26","date_gmt":"2020-03-11T19:54:26","guid":{"rendered":"https:\/\/nachdenken-in-muenchen.de\/?p=5149"},"modified":"2020-03-11T20:54:26","modified_gmt":"2020-03-11T19:54:26","slug":"buchpraesentation-in-muenchen-wird-verschoben","status":"publish","type":"post","link":"https:\/\/nachdenken-in-muenchen.de\/?p=5149","title":{"rendered":"Buchpr\u00e4sentation in M\u00fcnchen wird verschoben"},"content":{"rendered":"<p>Die vom M\u00fcnchner Gespr\u00e4chskreis gemeinsam mit der Gewerkschaft ver.di f\u00fcr Freitag, den 13.03. (17:00 Uhr im DGB Haus in M\u00fcnchen) geplante Veranstaltung mit dem Begr\u00fcnder und Herausgeber der <a title=\"\" href=\"https:\/\/www.nachdenkseiten.de\/\" target=\"_blank\" rel=\"noopener\">NachDenkSeiten<\/a> Albrecht M\u00fcller, der sein Buch mit dem Titel \u201eGlaube wenig. Hinterfrage alles. Denke selbst\u201c vorstellen wollte, muss wegen der aktuellen Coronakrise abgesagt werden. Albrecht M\u00fcller verweist auf vielf\u00e4ltige Manipulationsvorg\u00e4nge, die in Politik und Gesellschaft grundlegende Entscheidungen beeinflusst haben.<\/p>\n<p>Ein neuer Termin wird vereinbart, sobald einigerma\u00dfen Klarheit \u00fcber die Entwicklung der Gefahren des Coronavirus besteht. Wir bitten um Verst\u00e4ndnis.<\/p>\n<p class=\"wpf_wrapper\"><a class=\"print_link\" href=\"\" target=\"_blank\">Drucken<\/a><\/p><!-- .wpf_wrapper --><div class=\"twoclick_social_bookmarks_post_5149 social_share_privacy clearfix 1.6.4 locale-de_DE sprite-de_DE\"><\/div><div class=\"twoclick-js\"><script type=\"text\/javascript\">\/* <![CDATA[ *\/\njQuery(document).ready(function($){if($('.twoclick_social_bookmarks_post_5149')){$('.twoclick_social_bookmarks_post_5149').socialSharePrivacy({\"services\":{\"facebook\":{\"status\":\"on\",\"txt_info\":\"2 Klicks f\\u00fcr mehr Datenschutz: Erst wenn Sie hier klicken, wird der Button aktiv und Sie k\\u00f6nnen Ihre Empfehlung an Facebook senden. Schon beim Aktivieren werden Daten an Dritte \\u00fcbertragen - siehe <em>i<\\\/em>.\",\"perma_option\":\"off\",\"action\":\"recommend\",\"language\":\"de_DE\"},\"twitter\":{\"reply_to\":\"\",\"tweet_text\":\"Buchpr%C3%A4sentation%20in%20M%C3%BCnchen%20wird%20verschoben%20%C2%BB%20Nachdenken%20in%20M%C3%BCnchen\",\"status\":\"on\",\"txt_info\":\"2 Klicks f\\u00fcr mehr Datenschutz: Erst wenn Sie hier klicken, wird der Button aktiv und Sie k\\u00f6nnen Ihre Empfehlung an Twitter senden. Schon beim Aktivieren werden Daten an Dritte \\u00fcbertragen - siehe <em>i<\\\/em>.\",\"perma_option\":\"off\",\"language\":\"de\",\"referrer_track\":\"\"},\"gplus\":{\"status\":\"on\",\"txt_info\":\"2 Klicks f\\u00fcr mehr Datenschutz: Erst wenn Sie hier klicken, wird der Button aktiv und Sie k\\u00f6nnen Ihre Empfehlung an Google+ senden. Schon beim Aktivieren werden Daten an Dritte \\u00fcbertragen - siehe <em>i<\\\/em>.\",\"perma_option\":\"off\",\"referrer_track\":\"\"}},\"txt_help\":\"Wenn Sie diese Felder durch einen Klick aktivieren, werden Informationen an Facebook, Twitter, Flattr, Xing, t3n, LinkedIn, Pinterest oder Google eventuell ins Ausland \\u00fcbertragen und unter Umst\\u00e4nden auch dort gespeichert. N\\u00e4heres erfahren Sie durch einen Klick auf das <em>i<\\\/em>.\",\"settings_perma\":\"Dauerhaft aktivieren und Daten\\u00fcber-tragung zustimmen:\",\"info_link\":\"http:\\\/\\\/www.heise.de\\\/ct\\\/artikel\\\/2-Klicks-fuer-mehr-Datenschutz-1333879.html\",\"uri\":\"https:\\\/\\\/nachdenken-in-muenchen.de\\\/?p=5149\",\"post_id\":5149,\"post_title_referrer_track\":\"Buchpr%C3%A4sentation+in+M%C3%BCnchen+wird+verschoben\",\"display_infobox\":\"on\"});}});\n\/* ]]> *\/<\/script><\/div>","protected":false},"excerpt":{"rendered":"<p>Die vom M\u00fcnchner Gespr\u00e4chskreis gemeinsam mit der Gewerkschaft ver.di f\u00fcr Freitag, den 13.03. (17:00 Uhr im DGB Haus in M\u00fcnchen) geplante Veranstaltung mit dem Begr\u00fcnder und Herausgeber der NachDenkSeiten Albrecht M\u00fcller, der sein Buch mit dem Titel \u201eGlaube wenig. Hinterfrage alles. Denke selbst\u201c vorstellen wollte, muss wegen der aktuellen Coronakrise abgesagt werden. Albrecht M\u00fcller verweist [&hellip;]<\/p>\n","protected":false},"author":4,"featured_media":0,"comment_status":"open","ping_status":"open","sticky":false,"template":"","format":"standard","meta":{"jetpack_post_was_ever_published":false,"_jetpack_newsletter_access":"","_jetpack_dont_email_post_to_subs":false,"_jetpack_newsletter_tier_id":0,"_jetpack_memberships_contains_paywalled_content":false,"_jetpack_memberships_contains_paid_content":false,"footnotes":"","jetpack_publicize_message":"","jetpack_publicize_feature_enabled":true,"jetpack_social_post_already_shared":true,"jetpack_social_options":{"image_generator_settings":{"template":"highway","default_image_id":0,"font":"","enabled":false},"version":2}},"categories":[3,4,6],"tags":[],"coauthors":[350],"class_list":["post-5149","post","type-post","status-publish","format-standard","hentry","category-demokratie","category-gesellschaft","category-muenchen-und-umgebung"],"jetpack_publicize_connections":[],"jetpack_featured_media_url":"","jetpack_sharing_enabled":true,"jetpack_shortlink":"https:\/\/wp.me\/p4UEhA-1l3","_links":{"self":[{"href":"https:\/\/nachdenken-in-muenchen.de\/index.php?rest_route=\/wp\/v2\/posts\/5149","targetHints":{"allow":["GET"]}}],"collection":[{"href":"https:\/\/nachdenken-in-muenchen.de\/index.php?rest_route=\/wp\/v2\/posts"}],"about":[{"href":"https:\/\/nachdenken-in-muenchen.de\/index.php?rest_route=\/wp\/v2\/types\/post"}],"author":[{"embeddable":true,"href":"https:\/\/nachdenken-in-muenchen.de\/index.php?rest_route=\/wp\/v2\/users\/4"}],"replies":[{"embeddable":true,"href":"https:\/\/nachdenken-in-muenchen.de\/index.php?rest_route=%2Fwp%2Fv2%2Fcomments&post=5149"}],"version-history":[{"count":0,"href":"https:\/\/nachdenken-in-muenchen.de\/index.php?rest_route=\/wp\/v2\/posts\/5149\/revisions"}],"wp:attachment":[{"href":"https:\/\/nachdenken-in-muenchen.de\/index.php?rest_route=%2Fwp%2Fv2%2Fmedia&parent=5149"}],"wp:term":[{"taxonomy":"category","embeddable":true,"href":"https:\/\/nachdenken-in-muenchen.de\/index.php?rest_route=%2Fwp%2Fv2%2Fcategories&post=5149"},{"taxonomy":"post_tag","embeddable":true,"href":"https:\/\/nachdenken-in-muenchen.de\/index.php?rest_route=%2Fwp%2Fv2%2Ftags&post=5149"},{"taxonomy":"author","embeddable":true,"href":"https:\/\/nachdenken-in-muenchen.de\/index.php?rest_route=%2Fwp%2Fv2%2Fcoauthors&post=5149"}],"curies":[{"name":"wp","href":"https:\/\/api.w.org\/{rel}","templated":true}]}}