{"id":4325,"date":"2018-06-25T09:15:24","date_gmt":"2018-06-25T07:15:24","guid":{"rendered":"https:\/\/nachdenken-in-muenchen.de\/?p=4325"},"modified":"2018-08-13T21:18:59","modified_gmt":"2018-08-13T19:18:59","slug":"populismus-und-der-persoenliche-mangel-an-glueck","status":"publish","type":"post","link":"https:\/\/nachdenken-in-muenchen.de\/?p=4325","title":{"rendered":"\u201ePopulismus\u201c und der pers\u00f6nliche Mangel an Gl\u00fcck"},"content":{"rendered":"<h3>Trump, Salvini, Seehofer: Post- \/ Neo-ismen 2<\/h3>\n<p><a href=\"https:\/\/nachdenken-in-muenchen.de\/?p=4228\">(Einleitung hier)<\/a><\/p>\n<p><strong>von <a title=\"\" href=\"http:\/\/www.anyupae.com\/deutsch\/buch-2-fragment-fraktal\/\" target=\"_blank\" rel=\"noopener\">Stefan Frischauf<\/a><\/strong><\/p>\n<div style=\"width: 370px\" class=\"wp-caption alignnone\"><a href=\"https:\/\/nachdenken-in-muenchen.de\/Wordpress\/wp-content\/uploads\/2018\/06\/Palermo_vicolo_2008.jpg\"><img loading=\"lazy\" decoding=\"async\" class=\"alignnone\" src=\"https:\/\/nachdenken-in-muenchen.de\/Wordpress\/wp-content\/uploads\/2018\/06\/Palermo_vicolo_2008.jpg\" alt=\"\" width=\"360\" height=\"480\" \/><\/a><p class=\"wp-caption-text\">Vicolo in Palermo<\/p><\/div>\n<p>1990 sprach Heiner M\u00fcller von der \u201etotalen Besetzung mit Gegenwart\u201c, die jetzt, zu diesem Zeitpunkt eintreten w\u00fcrde. Der Dramaturg und sp\u00e4tere Leiter des Berliner Ensembles interpretierte so Francis Fukuyamas \u201eEnde der Geschichte\u201c auf seine eigene Art. Ein historischer Zeitpunkt. Eine Zeitenwende.<br \/>\nVielleicht aber auch eine nicht abgeschlossene, eher \u201ehalbgare\u201c Zeitenwende?<\/p>\n<p>Was geschieht also, wenn die Vergangenheit verschwindet?<br \/>\nWelche Perspektiven gewinnt oder verliert eine m\u00f6gliche Zukunft dann?<br \/>\nUnd wie verh\u00e4lt es sich mit der Hoffnung, der Schwester des Gl\u00fccks?<br \/>\nUnd was bedeutet das wiederum f\u00fcr das zarte Pfl\u00e4nzlein \u201eDemokratie\u201c?<\/p>\n<p>Theodor W. Adorno sagte 1959: \u201eIch betrachte das Nachleben des Nationalsozialismus\u00a0in\u00a0der Demokratie als potentiell bedrohlicher denn das Nachleben faschistischer Tendenzen\u00a0gegen\u00a0die Demokratie. Unterwanderung bezeichnet ein Objektives; nur darum machen zwielichtige Figuren ihr Comeback in Machtpositionen, weil die Verh\u00e4ltnisse sie beg\u00fcnstigen.\u201c<sup id=\"fnref:1\"><a href=\"#fn:1\" rel=\"footnote\">1<\/a><\/sup><\/p>\n<p>Welche Verh\u00e4ltnisse und welche \u201epers\u00f6nlichen Dinge\u201c beg\u00fcnstigen also den Aufstieg welcher \u201ezwielichtigen Figuren\u201c aus der Masse der Menschen und wer oder was vermag sich ihnen wie in den Weg zu stellen? <!--more--><\/p>\n<h4>Trumps \u201eUngl\u00fcck\u201c und das Ungl\u00fcck seiner W\u00e4hler<\/h4>\n<p>Donald Trump macht insofern als \u201eEinzelk\u00e4mpfer\u201c gegen das Establishment beider Parteien im US-System das offenkundig, was seine viel besser im politischen System vernetzten beiden Vorg\u00e4nger im Wei\u00dfen Haus, George W. Bush und Barack Obama deutlicher verschleiern konnten: einen gewissen Machtverlust von staatlicher Politik im Sinne einer funktionierenden, \u201edemokratisch legitimierten\u201c Gewaltenteilung per se und damit einhergehend einen zunehmenden Kontrollverlust von staatlichen Organen. Staatliche Organe, die aber auch dazu dienen, den einzelnen B\u00fcrger zu sch\u00fctzen. Die ihm oder ihr, in Deutschland \u201edem einzelnen grundgesetzlichen Souver\u00e4n\u201c denn auch zu einem w\u00fcrdevollen Leben verhelfen sollen.<\/p>\n<p>Trumps eigenes \u201eUngl\u00fcck\u201c: seine Casino-Pleiten in Las Vegas und das Ungl\u00fcck der unteren wei\u00dfen Mittelschicht von Kalifornien bis zum \u201eRust-belt\u201c der ehemaligen US-Stahlindustrie, von den gro\u00dfen Seen bis an die Ostk\u00fcste vereinen sich da in gemeinsamen Zielsetzungen und direkt darauf folgenden schnellen Schuldspr\u00fcchen: die illegale Immigration, der Fingerzeig auf die Latinos und den s\u00fcdlichen Nachbarn Mexico, die Chinesen und inzwischen auch Europ\u00e4er, die mit billigen Waren den ungl\u00fccklichen US-B\u00fcrgern die Jobs wegnehmen.<\/p>\n<p>Dass es die obere wei\u00dfe US-Mittelschicht ist, die durch das Einkaufen billiger Dienstleistungen \u201eillegale Immigration\u201c f\u00f6rdert und US-Unternehmen \u00fcber Jahrzehnte alle Produktivkr\u00e4fte au\u00dfer Landes geschafft haben, wird dabei verschwiegen. L\u00f6sungen und Schuldige m\u00fcssen hier und jetzt gefunden werden. Und zwar au\u00dferhalb des Landes.<\/p>\n<p>\u201eDie Schornsteine m\u00fcssen wieder rauchen\u201c:<br \/>\n\u201eKlimawandel? \u2013 das ist ja alles nur Wetter!\u201c<br \/>\nDie \u201eGlobalisierung\u201c frisst ihre Kinder, weil sie den Folgen des beschleunigten Abflusses von Profitstr\u00f6men nur noch Scheinidyllen entgegenstellen kann.<br \/>\n\u201eFr\u00fcher war alles besser!\u201c wird so zu einer anderen Teilwahrheit.<br \/>\nEs war ja auch alles besser. Weil man es \u00fcberwunden glaubte.<\/p>\n<h4>Italiens Vorreiterrolle einmal mehr<\/h4>\n<p>Nach vielen verdeckten oder offenen, gleichwohl aber irgendwie \u201epopulistischen Regierungswechseln\u201c allerorten hat sich in Italien einmal mehr eine Sonderkonstellation herausgebildet, die hier auch einer eingehenderen Betrachtung gew\u00fcrdigt werden soll.<\/p>\n<p>Dem Wahlsieg der erst 2009 gegen \u201edie Vorherrschaft der politischen Kaste\u201c<sup id=\"fnref:2\"><a href=\"#fn:2\" rel=\"footnote\">2<\/a><\/sup> in Italien gegr\u00fcndeten breiten B\u00fcrgerbewegung der \u201e5 Sterne (M5S)\u201c im M\u00e4rz folgten erwartet z\u00e4he Verhandlungen zur Bildung eines Regierungsb\u00fcndnisses.<br \/>\nDie f\u00fcnf Sterne stehen f\u00fcr \u201eUmweltschutz, Universelles Recht auf sauberes Wasser, technologischen Fortschritt, \u00f6ffentliche Breitbandkonnektivit\u00e4t und nachhaltige Mobilit\u00e4t\u201c<sup id=\"fnref:3\"><a href=\"#fn:3\" rel=\"footnote\">3<\/a><\/sup>. Weiterhin speist sich die Bewegung auch aus der gerade in den fr\u00fchen 1990er Jahren formierten Anti-Mafia-Bewegung.<\/p>\n<div style=\"width: 337px\" class=\"wp-caption alignleft\"><img loading=\"lazy\" decoding=\"async\" src=\"https:\/\/upload.wikimedia.org\/wikipedia\/commons\/c\/c8\/Italian_2018_elections_Chamber_of_Deputies_constituencies.svg\" alt=\"\" width=\"327\" height=\"419\" \/><p class=\"wp-caption-text\">Mehrheiten bei der Wahl der Abgeordnetenkammer in den Wahlkreisen<\/p><\/div>\n<p>Die Karte zum Wahlausgang vom 5. M\u00e4rz 2018 zeigt insofern deutlich den Kontrast zwischen Norden und S\u00fcden: \u00dcberwiegende Mehrheiten im Norden und der Mitte f\u00fcr \u201eCentrodestra\u201c\u2013 das Mitte-Rechts-B\u00fcndnis (blau) von Berlusconis Forza Italia, Lega und anderen weiter rechten Parteien, Mehrheiten f\u00fcr Renzis PD und \u201eCentrosinistra\u201c \u2013 das Mitte-Links-B\u00fcndnis in Renzis Heimat, Toskana und Umbrien (rot) und die \u00fcberw\u00e4ltigenden Mehrheiten f\u00fcr das \u201eMovimento 5 Stelle\u201c (M5S) im\u00a0 \u201es\u00fcdlichen Mezzogiorno (gelb) mit einigen Inseln f\u00fcr Mitterechts etwa im Bereich von Napoli, aber auch in Catanzaro und \u00fcber den Sila hinaus angrenzenden kalabresischen Provinzen.<sup id=\"fnref:4\"><a href=\"#fn:4\" rel=\"footnote\">4<\/a><\/sup><\/p>\n<p>Inzwischen hat sich die Karte zeitweise sehr ver\u00e4ndert: Nachdem Wahlverlierer Berlusconi dem Ausscheren der \u201eLega\u201c aus seinem Mitte-Rechts-B\u00fcndnis eine Freigabe erteilte und zwischen M5S und dem zweiten Wahlverlierer Renzi und seiner Mitte-Links-Partei der PD kein B\u00fcndnis zustande kam, bildete sich ein\u00a0 Regierungsb\u00fcndnis zwischen Lega und M5S.<\/p>\n<p>Matteo Salvini als Innenminister und starker Mann der Lega hat inzwischen seine rechtsnationale Bewegung auf 32 % Umfragewerte gebracht.<sup id=\"fnref:5\"><a href=\"#fn:5\" rel=\"footnote\">5<\/a><\/sup> Die Karte m\u00fcsste also derzeit viel mehr blau aufweisen mit einigen gelben Inseln.<\/p>\n<p>Das Fl\u00fcchtlingsthema dient einmal mehr zum populistischen Stimmenfang. Salvini hat damit auch viele im S\u00fcden mobilisiert, wo man vorher \u00fcberwiegend f\u00fcr M5S gew\u00e4hlt hat. Und wo \u00fcber viele Jahre Fl\u00fcchtlinge aufgenommen wurden in infrastrukturell \u00e4u\u00dferst schwache Regionen. Salvini thematisiert dies geschickt und lenkt denn auch erfolgreich von den Kernproblemen ganz Italiens ab.<\/p>\n<p>Die gerade nach mehr als 40 Jahren Bau- und Planungszeit er\u00f6ffnete Autobahn 2 zwischen Salerno und Reggio Calabria dokumentiert das sinnf\u00e4llig: Francesco Emilio Borrelli, der Fraktionsvorsitzende der Gr\u00fcnen (\u201eDavvero Verdi\u201c) im Regionalparlament von Kampanien sagt, an der A2 lasse sich \u201ebeispielhaft aufzeigen, was in Italien alles schieflaufe: \u201eB\u00fcrokratie, Korruption, Infiltration durch die Mafia und das Desinteresse Roms am S\u00fcden\u201c (NZZ v. 19. 02. 2016, S. 7).<sup id=\"fnref:6\"><a href=\"#fn:6\" rel=\"footnote\">6<\/a><\/sup><\/p>\n<p>Salvini z\u00fcndet jedoch wie alle populistische Nebelkerzen: sein &#8220;Engagement f\u00fcr den italienischen S\u00fcden&#8221; zielt nicht wirklich auf eine L\u00f6sung der von Borrelli aufgezeigten Kernprobleme dort. Aber &#8211; wie immer in solchen Zeiten wirkt das erst einmal.<\/p>\n<h4>Kanzlerin Merkel und das Verwalten von schwindendem Vertrauen<\/h4>\n<p>Der Streit zwischen Merkel und Seehofer indes ist nur ein weiteres Symptom eines Zerfalls politischer Kultur und der gesamteurop\u00e4ischen M\u00f6glichkeiten zur Konsensfindung. Die \u201edeutsche Fl\u00fcchtlingskrise\u201c 2015 folgte einem viel zu langen Aussitzen dieser Themen, mit denen gerade strukturschwache Regionen wie Griechenland und S\u00fcditalien alleine gelassen wurden.<\/p>\n<p>Merkels Zerrei\u00dfproben f\u00fcr Groko und EU erweisen sich als zunehmend schwieriger. Die Argumente ihrer Gegner werden sch\u00e4rfer. Und sie erhalten auch ihre Berechtigung im langj\u00e4hrigen Aussitzen essentieller gesamteurop\u00e4ischer Probleme, f\u00fcr die es nun kaum noch solche L\u00f6sungsans\u00e4tze gibt.<\/p>\n<p>Auch die Attacken der deutschen Leitmedien gegen M5S und gegen Italien als Ganzes sprechen da eine deutliche Sprache und schw\u00e4chen letztlich alle M\u00f6glichkeiten, vern\u00fcnftige Entwicklungen auf den Weg zu bringen.<sup id=\"fnref:7\"><a href=\"#fn:7\" rel=\"footnote\">7<\/a><\/sup><\/p>\n<p>Dies erfordert aber zweifelsohne viel Arbeit. Und den Willen zur Gestaltung.<br \/>\nEin Wille, der die Flucht in die zunehmende Verantwortungslosigkeit von Politik als reiner Verwaltungst\u00e4tigkeit \u00fcberwindet. Einem reinen Verwaltungsstil, der zudem meist mit \u00e4u\u00dferst autokratischem Duktus einer vermeintlichen \u201eAlternativlosigkeit\u201c daherkommt. Zumal das Lernen aus Erfahrung immer weiter eingeschr\u00e4nkt wird.<\/p>\n<p>Stellen sich die vom gr\u00fcnen Abgeordneten in Kampanien genannten Gr\u00fcnde f\u00fcr \u201es\u00fcditalienische Misswirtschaft\u201c im Musterland im Kern Europas etwa so dar:<\/p>\n<p>\u201eB\u00fcrokratie, die Verantwortung stetig nach unten \u201edelegiert\u201c und somit f\u00fcr Korruption in Form von effizienz-gesteuerten Quotierungen sehr offen ist, Infiltration durch privatwirtschaftlich m\u00e4chtige Interessen und das Desinteresse reicher Wirtschaftszentren an strukturschwachen Regionen insbesondere im Osten, in kleinerem Ma\u00dfstab aber allerorten regional und kommunal sichtbar\u201c?<\/p>\n<p>Eine progressive gesamteurop\u00e4ische Politik muss an der L\u00f6sung dieser Kernprobleme nicht nur des italienischen S\u00fcdens ansetzen.<\/p>\n<p>Dies soll hier denn auch <a href=\"https:\/\/nachdenken-in-muenchen.de\/?p=4342\">bald weiter verfolgt werden<\/a>.<\/p>\n<p>&nbsp;<\/p>\n<p>Anmerkungen:<\/p>\n<ol>\n<li id=\"fn:1\"><a href=\"#fnref:1\" rev=\"footnote\">\u2191<\/a> <a href=\"https:\/\/signale.cornell.edu\/text\/was-bedeutet-aufarbeitung-der-vergangenheit\" target=\"_blank\" rel=\"noopener\">https:\/\/signale.cornell.edu\/text\/was-bedeutet-aufarbeitung-der-vergangenheit<\/a><\/li>\n<li id=\"fn:2\"><a href=\"#fnref:2\" rev=\"footnote\">\u2191<\/a> Hier ein kurzes Interview in einer Ausgabe des \u201eStern\u201c von 2011 \u00fcber &#8220;La Casta&#8221; &#8211; Italiens Bibel der Wutb\u00fcrger\u201c mit den Autoren des 2007 erschienenen Bestsellers zweier Journalisten des Corriere della Sera:<br \/>\n<a href=\"https:\/\/www.stern.de\/panorama\/gesellschaft\/-la-casta----italiens-bibel-der-wutbuerger-haushaltsbuch-des-italienischen-kluengels-3440688.html\" target=\"_blank\" rel=\"noopener\">https:\/\/www.stern.de\/panorama\/gesellschaft\/-la-casta&#8212;-italiens-bibel-der-wutbuerger-haushaltsbuch-des-italienischen-kluengels-3440688.html<\/a><\/li>\n<li id=\"fn:3\"><a href=\"#fnref:3\" rev=\"footnote\">\u2191<\/a> <a href=\"https:\/\/de.wikipedia.org\/wiki\/MoVimento_5_Stelle\" target=\"_blank\" rel=\"noopener\">https:\/\/de.wikipedia.org\/wiki\/MoVimento_5_Stelle<\/a><\/li>\n<li id=\"fn:4\"><a href=\"#fnref:4\" rev=\"footnote\">\u2191<\/a> <a href=\"https:\/\/de.wikipedia.org\/wiki\/Parlamentswahlen_in_Italien_2018#\/media\/File:Italian_2018_elections_Chamber_of_Deputies_constituencies.svg\" target=\"_blank\" rel=\"noopener\">https:\/\/de.wikipedia.org\/wiki\/Parlamentswahlen_in_Italien_2018#\/media\/File:Italian_2018_elections_Chamber_of_Deputies_constituencies.svg<\/a><\/li>\n<li id=\"fn:5\"><a href=\"#fnref:5\" rev=\"footnote\">\u2191<\/a> <a href=\"https:\/\/www.zeit.de\/politik\/deutschland\/2018-06\/asylstreit-angela-merkel-plan-fluechtlingspolitik-eu-sondertreffen\" target=\"_blank\" rel=\"noopener\">https:\/\/www.zeit.de\/politik\/deutschland\/2018-06\/asylstreit-angela-merkel-plan-fluechtlingspolitik-eu-sondertreffen<\/a><\/li>\n<li id=\"fn:6\"><a href=\"#fnref:6\" rev=\"footnote\">\u2191<\/a> <a href=\"https:\/\/de.wikipedia.org\/wiki\/Autostrada_A2_(Italien)\" target=\"_blank\" rel=\"noopener\">https:\/\/de.wikipedia.org\/wiki\/Autostrada_A2_(Italien)<\/a><\/li>\n<li id=\"fn:7\"><a href=\"#fnref:7\" rev=\"footnote\">\u2191<\/a> Danke einmal mehr an Petra Reski f\u00fcr die Aufbereitung vieler Infos dort, wo deutsche \u201eQualit\u00e4tsmedien\u201c mit haarstr\u00e4ubenden \u201epopulistischen Allgemeinpl\u00e4tzen\u201c Meinung machen und, wie Petra sagt, die Deutschen als \u201edie besseren Italiener\u201c darstellen, bisweilen gar in v\u00f6lliger Ignoranz von allem, was Italien und seine B\u00fcrger ausmacht M5S in die \u201eEuropafeindliche rechtspopulistische Ecke\u201c schreiben:<br \/>\n<a href=\"http:\/\/www.petrareski.com\/2018\/03\/05\/20809\/\" target=\"_blank\" rel=\"noopener\">http:\/\/www.petrareski.com\/2018\/03\/05\/20809\/<\/a><\/li>\n<\/ol>\n<p>Foto <strong>\u00a9<\/strong> beim Verfasser selbst<\/p>\n<a href=\"https:\/\/nachdenken-in-muenchen.de\/?p=4325&amp;wp_email_popup=1\" onclick=\"email_popup(this.href); return false;\"  title=\"Beitrag versenden\" rel=\"nofollow\">Beitrag versenden<\/a>\n<p class=\"wpf_wrapper\"><a class=\"print_link\" href=\"\" target=\"_blank\">Drucken<\/a><\/p><!-- .wpf_wrapper --><div class=\"twoclick_social_bookmarks_post_4325 social_share_privacy clearfix 1.6.4 locale-de_DE sprite-de_DE\"><\/div><div class=\"twoclick-js\"><script type=\"text\/javascript\">\/* <![CDATA[ *\/\njQuery(document).ready(function($){if($('.twoclick_social_bookmarks_post_4325')){$('.twoclick_social_bookmarks_post_4325').socialSharePrivacy({\"services\":{\"facebook\":{\"status\":\"on\",\"txt_info\":\"2 Klicks f\\u00fcr mehr Datenschutz: Erst wenn Sie hier klicken, wird der Button aktiv und Sie k\\u00f6nnen Ihre Empfehlung an Facebook senden. Schon beim Aktivieren werden Daten an Dritte \\u00fcbertragen - siehe <em>i<\\\/em>.\",\"perma_option\":\"off\",\"action\":\"recommend\",\"language\":\"de_DE\"},\"twitter\":{\"reply_to\":\"\",\"tweet_text\":\"%20%E2%80%9EPopulismus%E2%80%9C%20und%20der%20pers%C3%B6nliche%20Mangel%20an%20Gl%C3%BCck%20%C2%BB%20Nachdenken%20...\",\"status\":\"on\",\"txt_info\":\"2 Klicks f\\u00fcr mehr Datenschutz: Erst wenn Sie hier klicken, wird der Button aktiv und Sie k\\u00f6nnen Ihre Empfehlung an Twitter senden. Schon beim Aktivieren werden Daten an Dritte \\u00fcbertragen - siehe <em>i<\\\/em>.\",\"perma_option\":\"off\",\"language\":\"de\",\"referrer_track\":\"\"},\"gplus\":{\"status\":\"on\",\"txt_info\":\"2 Klicks f\\u00fcr mehr Datenschutz: Erst wenn Sie hier klicken, wird der Button aktiv und Sie k\\u00f6nnen Ihre Empfehlung an Google+ senden. Schon beim Aktivieren werden Daten an Dritte \\u00fcbertragen - siehe <em>i<\\\/em>.\",\"perma_option\":\"off\",\"referrer_track\":\"\"}},\"txt_help\":\"Wenn Sie diese Felder durch einen Klick aktivieren, werden Informationen an Facebook, Twitter, Flattr, Xing, t3n, LinkedIn, Pinterest oder Google eventuell ins Ausland \\u00fcbertragen und unter Umst\\u00e4nden auch dort gespeichert. N\\u00e4heres erfahren Sie durch einen Klick auf das <em>i<\\\/em>.\",\"settings_perma\":\"Dauerhaft aktivieren und Daten\\u00fcber-tragung zustimmen:\",\"info_link\":\"http:\\\/\\\/www.heise.de\\\/ct\\\/artikel\\\/2-Klicks-fuer-mehr-Datenschutz-1333879.html\",\"uri\":\"https:\\\/\\\/nachdenken-in-muenchen.de\\\/?p=4325\",\"post_id\":4325,\"post_title_referrer_track\":\"%E2%80%9EPopulismus%E2%80%9C+und+der+pers%C3%B6nliche+Mangel+an+Gl%C3%BCck\",\"display_infobox\":\"on\"});}});\n\/* ]]> *\/<\/script><\/div>","protected":false},"excerpt":{"rendered":"<p>Trump, Salvini, Seehofer: Post- \/ Neo-ismen 2 (Einleitung hier) von Stefan Frischauf 1990 sprach Heiner M\u00fcller von der \u201etotalen Besetzung mit Gegenwart\u201c, die jetzt, zu diesem Zeitpunkt eintreten w\u00fcrde. Der Dramaturg und sp\u00e4tere Leiter des Berliner Ensembles interpretierte so Francis Fukuyamas \u201eEnde der Geschichte\u201c auf seine eigene Art. Ein historischer Zeitpunkt. Eine Zeitenwende. Vielleicht aber [&hellip;]<\/p>\n","protected":false},"author":3,"featured_media":0,"comment_status":"open","ping_status":"open","sticky":false,"template":"","format":"standard","meta":{"jetpack_post_was_ever_published":false,"_jetpack_newsletter_access":"","_jetpack_dont_email_post_to_subs":false,"_jetpack_newsletter_tier_id":0,"_jetpack_memberships_contains_paywalled_content":false,"_jetpack_memberships_contains_paid_content":false,"footnotes":"","jetpack_publicize_message":"","jetpack_publicize_feature_enabled":true,"jetpack_social_post_already_shared":true,"jetpack_social_options":{"image_generator_settings":{"template":"highway","default_image_id":0,"font":"","enabled":false},"version":2}},"categories":[3,4],"tags":[57,501,442,502,341,500],"coauthors":[345],"class_list":["post-4325","post","type-post","status-publish","format-standard","hentry","category-demokratie","category-gesellschaft","tag-eu","tag-italien","tag-populismus","tag-postdemokratie","tag-suedeuropa","tag-trump"],"jetpack_publicize_connections":[],"jetpack_featured_media_url":"","jetpack_sharing_enabled":true,"jetpack_shortlink":"https:\/\/wp.me\/p4UEhA-17L","_links":{"self":[{"href":"https:\/\/nachdenken-in-muenchen.de\/index.php?rest_route=\/wp\/v2\/posts\/4325","targetHints":{"allow":["GET"]}}],"collection":[{"href":"https:\/\/nachdenken-in-muenchen.de\/index.php?rest_route=\/wp\/v2\/posts"}],"about":[{"href":"https:\/\/nachdenken-in-muenchen.de\/index.php?rest_route=\/wp\/v2\/types\/post"}],"author":[{"embeddable":true,"href":"https:\/\/nachdenken-in-muenchen.de\/index.php?rest_route=\/wp\/v2\/users\/3"}],"replies":[{"embeddable":true,"href":"https:\/\/nachdenken-in-muenchen.de\/index.php?rest_route=%2Fwp%2Fv2%2Fcomments&post=4325"}],"version-history":[{"count":0,"href":"https:\/\/nachdenken-in-muenchen.de\/index.php?rest_route=\/wp\/v2\/posts\/4325\/revisions"}],"wp:attachment":[{"href":"https:\/\/nachdenken-in-muenchen.de\/index.php?rest_route=%2Fwp%2Fv2%2Fmedia&parent=4325"}],"wp:term":[{"taxonomy":"category","embeddable":true,"href":"https:\/\/nachdenken-in-muenchen.de\/index.php?rest_route=%2Fwp%2Fv2%2Fcategories&post=4325"},{"taxonomy":"post_tag","embeddable":true,"href":"https:\/\/nachdenken-in-muenchen.de\/index.php?rest_route=%2Fwp%2Fv2%2Ftags&post=4325"},{"taxonomy":"author","embeddable":true,"href":"https:\/\/nachdenken-in-muenchen.de\/index.php?rest_route=%2Fwp%2Fv2%2Fcoauthors&post=4325"}],"curies":[{"name":"wp","href":"https:\/\/api.w.org\/{rel}","templated":true}]}}