{"id":4202,"date":"2018-05-06T20:08:47","date_gmt":"2018-05-06T18:08:47","guid":{"rendered":"http:\/\/nachdenken-in-muenchen.de\/?p=4202"},"modified":"2018-05-06T20:08:47","modified_gmt":"2018-05-06T18:08:47","slug":"gedanken-zum-rechts-und-linkspopulismus","status":"publish","type":"post","link":"https:\/\/nachdenken-in-muenchen.de\/?p=4202","title":{"rendered":"Gedanken zum Rechts- und Linkspopulismus"},"content":{"rendered":"<div style=\"width: 490px\" class=\"wp-caption alignnone\"><a href=\"http:\/\/nachdenken-in-muenchen.de\/Wordpress\/wp-content\/uploads\/2018\/05\/populist-1872440_1280.jpg\"><img loading=\"lazy\" decoding=\"async\" class=\"alignnone\" src=\"http:\/\/nachdenken-in-muenchen.de\/Wordpress\/wp-content\/uploads\/2018\/05\/populist-1872440_1280.jpg\" alt=\"\" width=\"480\" height=\"320\" \/><\/a><p class=\"wp-caption-text\">Foto: geralt<\/p><\/div>\n<p>\u201eSitzen ein Million\u00e4r, ein Hartz-IV-Empf\u00e4nger und ein Fl\u00fcchtling an einem Tisch mit 20 Keksen; als Erstes nimmt sich der Million\u00e4r 19 Kekse und sagt dann zum Hartz-IV-Empf\u00e4nger: Du musst aufpassen, damit Dir der Fl\u00fcchtling nicht deinen Keks wegnimmt.\u201c<\/p>\n<p>In der Realit\u00e4t wird die Geschichte allerdings etwas anders erz\u00e4hlt \u2013 die 19 Kekse f\u00fcr den Million\u00e4r kommen erst gar nicht vor sondern es geht nur um den einen Keks, um den sich die wirtschaftlich schwachen Bev\u00f6lkerungsschichten streiten k\u00f6nnen.<\/p>\n<p>Aus Sicht der Politik, Wirtschaft und Medien ist das \u00a0durchaus gewollt, so kann man in Ruhe die Besserverdienenden und die Konzerne noch etwas besser verdienen lassen, ohne dass das von der breiten \u00d6ffentlichkeit bemerkt wird. Und durchaus gewollt ist es auch, wenn man die Schw\u00e4chsten gegeneinander ausspielt (Hartz-IV-Empf\u00e4nger, osteurop\u00e4ische Leiharbeiter, Fl\u00fcchtlinge usw). <!--more--><\/p>\n<p>Nur dumm, wenn dann diejenigen am unteren Ende der Einkommensskala sich rechtspopulistischen Parteien zuwenden und so ihre Wut und Entt\u00e4uschung zum Ausdruck bringen.<\/p>\n<ul>\n<li>die \u201eRechten\u201c verfahren dabei immer nach dem gleichen Motto \u2013 Angst erzeugen, Schuldige benennen, L\u00f6sung anbieten \u201ewenn die nicht da w\u00e4ren, dann w\u00fcrde es dir besser gehen\u201c<\/li>\n<li>die Schuldfrage kann man auch leicht mit Personen verbinden (Ausl\u00e4nder, Fl\u00fcchtlinge, Islam, verschleierte Frauen, Angst vor \u00dcberfremdung und Terror)<\/li>\n<li>Zudem gibt es ca. 20 \u2013 25\u00a0% der Deutschen, die ein eher abwertendes Bild von Ausl\u00e4ndern haben und mehr rechtspopulistischen Parteien zuzuordnen sind (10\u00a0% davon haben sogar ein sog. geschlossenes rechtes Gedankenbild)<\/li>\n<li>Demgegen\u00fcber erscheint es schwer, die Schuldigen ganz woanders zu suchen, weil Gro\u00dfkonzerne und politische Entscheidungen anonymisiert erscheinen und die Betroffenen eher geneigt sind, keinen Zusammenhang mit der eigenen Lage zu sehen.<\/li>\n<li>Auch erscheint die Thematik deutlich schwieriger, wenn man sich mit Themen wie Steuerparadiese, Erbschaftssteuer, Verm\u00f6genssteuer, Export\u00fcbersch\u00fcsse, Ausbeutung afrikanischer Staaten etc. auseinandersetzen m\u00fcsste \u2013 dazu m\u00fcsste man sich informieren (Statistiken und Studien lesen) komplexe Zusammenh\u00e4nge begreifen und auf Basis von Faktenwissen argumentieren um herauszufinden was wirklich schiefl\u00e4uft.Demgegen\u00fcber ist die Erz\u00e4hlung der Rechten attraktiver als die der Linken, weil sie\u00a0 einfacher ist.<\/li>\n<li>Keine Solidarit\u00e4t mit Anderen sondern Abgrenzung gegen\u00fcber Einwanderern\/ Fl\u00fcchtlingen und dem Establishment. Nur so kann man Fakten ignorieren damit das eigene Weltbild nicht in Frage gestellt werden muss. (Joseph Stiglitz, \u00d6konom)<\/li>\n<li>Vorurteile werden nicht hinterfragt (z. B. Fl\u00fcchtlinge bekommen bevorzugt Wohnungen gegen\u00fcber Deutschen \u2013 war schon in den 50er- und 60er Jahren eine beliebte Aussage ohne sich zu fragen, wer und warum und auf welcher Grundlage eine Sozialwohnungsvergabe erfolgt und wer ein Interesse haben k\u00f6nnte, Ausl\u00e4nder gegen\u00fcber Deutschen zu bevorzugen)<\/li>\n<li>Einen mehr philosophischen Aspekt habe ich in einem Beitrag des Philosophen Michael Schmidt-Salomon gefunden: Er\u00a0 sieht eine Ursache f\u00fcr den Rechtspopulismus darin, dass sich Menschen, die aufgrund fehlender pers\u00f6nlicher Aufstiegschancen nicht mehr als Individuen wahrgenommen f\u00fchlen, dazu neigen sich als Gruppenmitglieder zu begreifen und sich als Gruppe \u00fcber andere Gruppen zu erheben. Damit kann ein \u00fcbersteigertes Gruppenbewusstsein die Defizite eines Ich-Bewusstseins kompensieren.<\/li>\n<li>Wer manipulieren will wie beim Rechtspopulismus, also die Wirklichkeit umdeuten will, bedarf der Furcht \u2013 Furcht f\u00fchrt zu Wut. Deshalb haben die Rechten auch kein Interesse daran die Probleme wirklich zu l\u00f6sen, weil ihnen sonst ihr Weltbild und letztendlich ihre Existenzberechtigung verloren gehen w\u00fcrde.<\/li>\n<\/ul>\n<p>Wie k\u00f6nnte eine linkspopulistische Antwort aussehen:<\/p>\n<ul>\n<li>Erster Gedanke bei dieser schwierigen Frage: wie schafft man eine \u00e4hnliche Bewegung wie in den USA mit Bernie Sanders oder in Gro\u00dfbritannien mit Jeremy Corbyn f\u00fcr Solidarit\u00e4t und Gerechtigkeit ?<\/li>\n<li>Kann ein partei\u00fcbergreifendes B\u00fcndnis von linken SPDlern, Gr\u00fcnen und Linken, wie es Sahra Wagenknecht vorschwebt, \u00fcberhaupt funktionieren oder wird es einfach totgeschwiegen? Ich bin da auch skeptisch, weil letztendlich so eine Sammlungsbewegung in Stimmen bei den Wahlen umgem\u00fcnzt werden m\u00fcsste und wie das funktionieren soll bei den verschiedenen Fl\u00fcgeln der Parteien?<\/li>\n<li>Wie kann die Linke ein positives Bild f\u00fcr die Zukunft bei vielen Themen anbieten im Sinne \u201ewas gewinnt der Einzelne, die Gesellschaft\u201c und nicht nur Antihaltung propagieren?<\/li>\n<li>Wie kann die Linke eine Kompetenz in Wirtschafts- und Finanzthemen erreichen, die ihr zum Teil jedenfalls nicht zugeschrieben werden?<\/li>\n<\/ul>\n<p>Und wie k\u00f6nnte eine populistische und durchaus auch ironische \u00d6ffentlichkeitsarbeit ausschauen \u2013 hier ein paar Beispiele:<\/p>\n<ul>\n<li>45 Haushalte besitzen soviel Verm\u00f6gen wie die \u00e4rmeren 50 % &#8211; schaut so Gerechtigkeit aus ?<\/li>\n<li>Verdienen Sie mehr als 2 Mio \u20ac im Jahr ? Dann brauchen Sie vor einer Verm\u00f6genssteuer ja keine Angst haben \u2013 wir verzichten gerne auf ca. 20 Mrd. \u20ac pro Jahr.<\/li>\n<li>Finden Sie es in Ordnung wenn der Amazon-Chef \u00fcber 100 Mrd. \u20ac Verm\u00f6gen besitzt aber seine Firma keine Steuern zahlt und keine Tarifvertr\u00e4ge will ?<\/li>\n<li>Haben Sie mehr als 20 Mio \u20ac zu vererben \u2013 Gl\u00fcckwunsch dann zahlen Sie auch nur 0,5 % Erbschaftssteuer gegen\u00fcber 5 % im Durchschnitt (Attac M\u00fcnchen).<\/li>\n<li>Auch der VW-Vorstand verdient den Mindestlohn \u2013 allerdings mit 4000 \u20ac die Stunde rund 500 mal so viel.<\/li>\n<li>Steuern auf Arbeit max. 42 %, Steuern auf Kapitaleink\u00fcnfte 25 %<\/li>\n<li>40 % der Deutschen verdienen weniger als vor 20 Jahren \u2013 sind daran die Fl\u00fcchtlinge schuld?<\/li>\n<li>Ab 95 Jahren rechnet sich die Riester-Rente \u2013 jedes Jahr ca. 3, 5Mrd. \u20ac Steuerzusch\u00fcsse umsonst.<\/li>\n<li>Was haben Google, Amazon, Facebook, Starbucks und IKEA gemeinsam \u2013 richtig, sie zahlen so gut wie keine Steuern \u2013 aber die EU verzichtet gerne auf j\u00e4hrlich 70 Mrd \u20ac.<\/li>\n<li>Wenn wir weiterhin die Wirtschaft in Afrika durch subventionierte Lebensmittelexporte, unfaire Handelsabkommen und Rohstoffausbeutung knebeln, brauchen wir uns \u00fcber mehr Fl\u00fcchtlinge nicht zu wundern.<\/li>\n<\/ul>\n<p><small>Bilddquelle: <a title=\"\" href=\"https:\/\/pixabay.com\/de\/populist-populismus-frage-tafel-1872440\/\" target=\"_blank\" rel=\"noopener noreferrer\">pixabay <\/a>| <a title=\"\" href=\"https:\/\/creativecommons.org\/publicdomain\/zero\/1.0\/deed.de\" target=\"_blank\" rel=\"noopener noreferrer\">CC0<\/a><\/small><\/p>\n<p class=\"wpf_wrapper\"><a class=\"print_link\" href=\"\" target=\"_blank\">Drucken<\/a><\/p><!-- .wpf_wrapper --><div class=\"twoclick_social_bookmarks_post_4202 social_share_privacy clearfix 1.6.4 locale-de_DE sprite-de_DE\"><\/div><div class=\"twoclick-js\"><script type=\"text\/javascript\">\/* <![CDATA[ *\/\njQuery(document).ready(function($){if($('.twoclick_social_bookmarks_post_4202')){$('.twoclick_social_bookmarks_post_4202').socialSharePrivacy({\"services\":{\"facebook\":{\"status\":\"on\",\"txt_info\":\"2 Klicks f\\u00fcr mehr Datenschutz: Erst wenn Sie hier klicken, wird der Button aktiv und Sie k\\u00f6nnen Ihre Empfehlung an Facebook senden. Schon beim Aktivieren werden Daten an Dritte \\u00fcbertragen - siehe <em>i<\\\/em>.\",\"perma_option\":\"off\",\"action\":\"recommend\",\"language\":\"de_DE\"},\"twitter\":{\"reply_to\":\"\",\"tweet_text\":\"%20Gedanken%20zum%20Rechts-%20und%20Linkspopulismus%20%C2%BB%20Nachdenken%20in%20M%C3%BCnchen%20%23Armut%20...\",\"status\":\"on\",\"txt_info\":\"2 Klicks f\\u00fcr mehr Datenschutz: Erst wenn Sie hier klicken, wird der Button aktiv und Sie k\\u00f6nnen Ihre Empfehlung an Twitter senden. Schon beim Aktivieren werden Daten an Dritte \\u00fcbertragen - siehe <em>i<\\\/em>.\",\"perma_option\":\"off\",\"language\":\"de\",\"referrer_track\":\"\"},\"gplus\":{\"status\":\"on\",\"txt_info\":\"2 Klicks f\\u00fcr mehr Datenschutz: Erst wenn Sie hier klicken, wird der Button aktiv und Sie k\\u00f6nnen Ihre Empfehlung an Google+ senden. Schon beim Aktivieren werden Daten an Dritte \\u00fcbertragen - siehe <em>i<\\\/em>.\",\"perma_option\":\"off\",\"referrer_track\":\"\"}},\"txt_help\":\"Wenn Sie diese Felder durch einen Klick aktivieren, werden Informationen an Facebook, Twitter, Flattr, Xing, t3n, LinkedIn, Pinterest oder Google eventuell ins Ausland \\u00fcbertragen und unter Umst\\u00e4nden auch dort gespeichert. N\\u00e4heres erfahren Sie durch einen Klick auf das <em>i<\\\/em>.\",\"settings_perma\":\"Dauerhaft aktivieren und Daten\\u00fcber-tragung zustimmen:\",\"info_link\":\"http:\\\/\\\/www.heise.de\\\/ct\\\/artikel\\\/2-Klicks-fuer-mehr-Datenschutz-1333879.html\",\"uri\":\"https:\\\/\\\/nachdenken-in-muenchen.de\\\/?p=4202\",\"post_id\":4202,\"post_title_referrer_track\":\"Gedanken+zum+Rechts-+und+Linkspopulismus\",\"display_infobox\":\"on\"});}});\n\/* ]]> *\/<\/script><\/div>","protected":false},"excerpt":{"rendered":"<p>\u201eSitzen ein Million\u00e4r, ein Hartz-IV-Empf\u00e4nger und ein Fl\u00fcchtling an einem Tisch mit 20 Keksen; als Erstes nimmt sich der Million\u00e4r 19 Kekse und sagt dann zum Hartz-IV-Empf\u00e4nger: Du musst aufpassen, damit Dir der Fl\u00fcchtling nicht deinen Keks wegnimmt.\u201c In der Realit\u00e4t wird die Geschichte allerdings etwas anders erz\u00e4hlt \u2013 die 19 Kekse f\u00fcr den Million\u00e4r [&hellip;]<\/p>\n","protected":false},"author":5,"featured_media":0,"comment_status":"open","ping_status":"open","sticky":false,"template":"","format":"standard","meta":{"jetpack_post_was_ever_published":false,"_jetpack_newsletter_access":"","_jetpack_dont_email_post_to_subs":false,"_jetpack_newsletter_tier_id":0,"_jetpack_memberships_contains_paywalled_content":false,"_jetpack_memberships_contains_paid_content":false,"footnotes":"","jetpack_publicize_message":"","jetpack_publicize_feature_enabled":true,"jetpack_social_post_already_shared":true,"jetpack_social_options":{"image_generator_settings":{"template":"highway","default_image_id":0,"font":"","enabled":false},"version":2}},"categories":[3,4],"tags":[21,65,76,83,125,442,493,182],"coauthors":[344],"class_list":["post-4202","post","type-post","status-publish","format-standard","hentry","category-demokratie","category-gesellschaft","tag-armut","tag-fluchtursachen","tag-gerechtigkeit","tag-hartz-iv","tag-mindestlohn","tag-populismus","tag-spaltung","tag-vermoegenssteuer"],"jetpack_publicize_connections":[],"jetpack_featured_media_url":"","jetpack_sharing_enabled":true,"jetpack_shortlink":"https:\/\/wp.me\/p4UEhA-15M","_links":{"self":[{"href":"https:\/\/nachdenken-in-muenchen.de\/index.php?rest_route=\/wp\/v2\/posts\/4202","targetHints":{"allow":["GET"]}}],"collection":[{"href":"https:\/\/nachdenken-in-muenchen.de\/index.php?rest_route=\/wp\/v2\/posts"}],"about":[{"href":"https:\/\/nachdenken-in-muenchen.de\/index.php?rest_route=\/wp\/v2\/types\/post"}],"author":[{"embeddable":true,"href":"https:\/\/nachdenken-in-muenchen.de\/index.php?rest_route=\/wp\/v2\/users\/5"}],"replies":[{"embeddable":true,"href":"https:\/\/nachdenken-in-muenchen.de\/index.php?rest_route=%2Fwp%2Fv2%2Fcomments&post=4202"}],"version-history":[{"count":0,"href":"https:\/\/nachdenken-in-muenchen.de\/index.php?rest_route=\/wp\/v2\/posts\/4202\/revisions"}],"wp:attachment":[{"href":"https:\/\/nachdenken-in-muenchen.de\/index.php?rest_route=%2Fwp%2Fv2%2Fmedia&parent=4202"}],"wp:term":[{"taxonomy":"category","embeddable":true,"href":"https:\/\/nachdenken-in-muenchen.de\/index.php?rest_route=%2Fwp%2Fv2%2Fcategories&post=4202"},{"taxonomy":"post_tag","embeddable":true,"href":"https:\/\/nachdenken-in-muenchen.de\/index.php?rest_route=%2Fwp%2Fv2%2Ftags&post=4202"},{"taxonomy":"author","embeddable":true,"href":"https:\/\/nachdenken-in-muenchen.de\/index.php?rest_route=%2Fwp%2Fv2%2Fcoauthors&post=4202"}],"curies":[{"name":"wp","href":"https:\/\/api.w.org\/{rel}","templated":true}]}}