{"id":3256,"date":"2016-09-16T08:41:39","date_gmt":"2016-09-16T06:41:39","guid":{"rendered":"http:\/\/nachdenken-in-muenchen.de\/?p=3256"},"modified":"2016-10-17T22:58:23","modified_gmt":"2016-10-17T20:58:23","slug":"sz-und-das-steuerkonzept-der-union-serioes-gerechnet","status":"publish","type":"post","link":"https:\/\/nachdenken-in-muenchen.de\/?p=3256","title":{"rendered":"SZ und das Steuerkonzept der Union &#8211; seri\u00f6s gerechnet?"},"content":{"rendered":"<p>Da staune ich doch nicht schlecht, als ich am Montag die S\u00fcddeutsche aufschlage. Auch Familien mit geringen Einkommen sollen beim Steuerkonzept der Mittelstands- und Wirtschaftsvereinigung der CDU\/CSU (MIT) deutlich entlastet werden. Ich traue meinen Augen nicht, aber: &#8220;<a href=\"http:\/\/www.sueddeutsche.de\/geld\/steuerkonzepte-die-steuerplaene-der-union-durchgerechnet-1.3156987\" target=\"_blank\">Steuerprofessor Frank Hechtner von der Freien Universit\u00e4t Berlin hat f\u00fcr die SZ ausgerechnet, wie hoch die Entlastungen f\u00fcr die Einzelnen sein w\u00fcrden.<\/a>&#8221;<\/p>\n<div style=\"width: 490px\" class=\"wp-caption alignnone\"><a href=\"http:\/\/nachdenken-in-muenchen.de\/Wordpress\/wp-content\/uploads\/2016\/09\/SZ-Grakik_MIT_Zusammenveranlagung_Ausschnitt.jpg\"><img loading=\"lazy\" decoding=\"async\" src=\"http:\/\/nachdenken-in-muenchen.de\/Wordpress\/wp-content\/uploads\/2016\/09\/SZ-Grakik_MIT_Zusammenveranlagung_Ausschnitt.jpg\" alt=\"\" width=\"480\" height=\"182\" \/><\/a><p class=\"wp-caption-text\">Quelle: SZ, komplette Grafik <a href=\"http:\/\/media-cdn.sueddeutsche.de\/image\/sz.1.3157789\/860x860?v=1473614370000\" target=\"_blank\">hier<\/a><\/p><\/div>\n<p>In der Grafik finde ich dann die Zahl, die mich hat zweifeln und nachrechnen lassen: Eheleute mit zwei Kindern sollen bei einem monatlichen Lohn von 1.000 \u20ac im Monat um j\u00e4hrlich 864 \u20ac entlastet werden. Dabei zahlen Familien mit derart geringem Einkommen \u00fcberhaupt keine Lohn- bzw. Einkommensteuer. &#8220;Die Wirkung der kalten Progression hat Hechtner ber\u00fccksichtigt und einen Anstieg des Kindergeldes um zwei Euro unterstellt.&#8221; Aha. Macht also bei zwei Kindern und zw\u00f6lf Monaten 48 \u20ac zus\u00e4tzliches Kindergeld. Also besteht die steuerliche Entlastung faktisch nur 816 \u20ac &#8211; aber von nichts? Die negative Einkommensteuer, also ein Zuschuss vom Finanzamt bei zu geringem Lohn ist ja nicht vorgesehen, denn f\u00fcr solche F\u00e4lle haben wir doch das dem\u00fctigende Hartz-IV-System. Denn eine Familie mit einem solchen Einkommen kann ja nicht einmal in der abgelegensten l\u00e4ndlichen Region davon \u00fcberleben, geschweige denn hier im Gro\u00dfraum M\u00fcnchen. <!--more--><\/p>\n<p>F\u00fcr Eheleute mit zwei Kindern setzt die Lohnsteuerpflicht erst bei 1.865 \u20ac ein, darunter befinden wir uns im Bereich des steuerlichen Existenzminimums. Betr\u00fcge das Einkommen monatlich 2.000 \u20ac, w\u00fcrden nach derzeitigem Recht 196 \u20ac Lohnsteuer j\u00e4hrlich f\u00e4llig. Inklusive der angenommenen Kindergelderh\u00f6hung w\u00e4re also &#8211; wohlgemerkt bei 2.000 \u20ac &#8211; eine maximale Entlastung von 244 \u20ac m\u00f6glich.<\/p>\n<p>Merkw\u00fcrdig, wie ein Steuerprofessor zu seinen Zahlen kommt bzw. diese Zahlen von der SZ dann gelesen worden sind. Seri\u00f6s gerechnet kann dies auf jeden Fall nicht sein &#8211; und Familien mit geringem Einkommen br\u00e4uchten ganz andere Entlastungen &#8211; aber darum geht es mutma\u00dflich der MIT ja gar nicht.<\/p>\n<p id=\"nachdenken\">Man k\u00f6nnte zum Beispiel nachdenken \u00fcber ein Kindergrundeinkommen:<\/p>\n<blockquote><p>Es setzt sich zusammen aus dem so genannten \u201es\u00e4chlichen&#8221; kindlichen Existenzminimum plus dem steuerlichen Betreuungs-, Erziehungs- und Ausbildungs-freibetrag, insgesamt 502 Euro pro Monat. Das Kindergrundeinkommen w\u00fcrde einen Kindern und Jugendlichen endlich Regels\u00e4tze zugestehen, die den tats\u00e4chlichen Bedarf abdecken. Auch Kinder mit Eltern aus dem Niedriglohnsektor k\u00e4men in den Genuss eines armutsfesten Kindergrundeinkommens.&#8221;<br \/>\nQuelle: <a href=\"http:\/\/franz-segbers.de\/resources\/Geislingen_25.01.2011.pdf\" target=\"_blank\">Prof. Franz Segbers<\/a><\/p><\/blockquote>\n<p>Man k\u00f6nnte \u00fcber die Erh\u00f6hung oder den Wegfall der Beitragsbemessungsgrenzen bei den Sozialversicherungen reden, vielleicht gleich die Umgestaltung der bestehenden Krankenversicherung in eine B\u00fcrgerversicherung auf den Weg bringen, wie <a href=\"https:\/\/de.wikipedia.org\/wiki\/B%C3%BCrgerversicherung#Grundlage\" target=\"_blank\">SPD, Gr\u00fcne und Die Linke es favorisieren<\/a>. Denn &#8211; um zum Ursprungsbeispiel Eheleute mit zwei Kindern sollen bei einem monatlichen Lohn von 1.000 \u20ac zur\u00fcckzukommen, sie k\u00f6nnen davon zwar nicht leben, m\u00fcssen aber \u00fcber 200 \u20ac monatlich an Sozialabgaben zahlen, die sie \u00fcber Hartz IV &#8211; nach Vorlage aller Gehaltszettel und Kontoausz\u00fcge etc. &#8211; dann wieder zur\u00fcckbekommen. Ach ja, das Kindergeld und ein etwaiger Kinderzuschuss werden hier nat\u00fcrlich angerechnet bzw. verrechnet.<\/p>\n<p>Man m\u00fcsste \u00fcber Existenz sichernde L\u00f6hne reden, die f\u00fcr Familien ganz sicher nicht mit 8,50 \u20ac Mindestlohn zzgl. Kindergeld realisierbar sind. Selbst bei 10 \u20ac w\u00e4ren wir im Beispiel immer noch unter 1.865 \u20ac &#8211; also im steuerfreien Bereich. Abgesehen davon, nur wenn unsere Beispielfamilie weniger als 330 \u20ac Warmmiete zahlt, h\u00e4tte sie keinen Anspruch auf einen Aufstockungsbedarf nach Hartz IV.<\/p>\n<p>Weit verbreitete Armut (gerade bei Alleinerziehenden sowie Familien mit mehreren Kindern) sowie die Angst der Mittelschicht, dorthin abzurutschen, dass sind die gr\u00f6\u00dften Gefahren f\u00fcr den sozialen Zusammenhalt und die Sicherheit in unserem Land. Eine Politik, die hier nicht Klartext redet und keine tats\u00e4chliche L\u00f6sungen anbietet, wird nicht funktionieren. Im Gegenteil, dies wird nur Auftrieb f\u00fcr die AfD bedeuten.<\/p>\n<a href=\"https:\/\/nachdenken-in-muenchen.de\/?p=3256&amp;wp_email_popup=1\" onclick=\"email_popup(this.href); return false;\"  title=\"Beitrag versenden\" rel=\"nofollow\">Beitrag versenden<\/a>\n<p class=\"wpf_wrapper\"><a class=\"print_link\" href=\"\" target=\"_blank\">Drucken<\/a><\/p><!-- .wpf_wrapper --><div class=\"twoclick_social_bookmarks_post_3256 social_share_privacy clearfix 1.6.4 locale-de_DE sprite-de_DE\"><\/div><div class=\"twoclick-js\"><script type=\"text\/javascript\">\/* <![CDATA[ *\/\njQuery(document).ready(function($){if($('.twoclick_social_bookmarks_post_3256')){$('.twoclick_social_bookmarks_post_3256').socialSharePrivacy({\"services\":{\"facebook\":{\"status\":\"on\",\"txt_info\":\"2 Klicks f\\u00fcr mehr Datenschutz: Erst wenn Sie hier klicken, wird der Button aktiv und Sie k\\u00f6nnen Ihre Empfehlung an Facebook senden. Schon beim Aktivieren werden Daten an Dritte \\u00fcbertragen - siehe <em>i<\\\/em>.\",\"perma_option\":\"off\",\"action\":\"recommend\",\"language\":\"de_DE\"},\"twitter\":{\"reply_to\":\"\",\"tweet_text\":\"%20SZ%20und%20das%20Steuerkonzept%20der%20Union%20%E2%80%93%20seri%C3%B6s%20gerechnet%3F%20%C2%BB%20Nachdenken%20...\",\"status\":\"on\",\"txt_info\":\"2 Klicks f\\u00fcr mehr Datenschutz: Erst wenn Sie hier klicken, wird der Button aktiv und Sie k\\u00f6nnen Ihre Empfehlung an Twitter senden. Schon beim Aktivieren werden Daten an Dritte \\u00fcbertragen - siehe <em>i<\\\/em>.\",\"perma_option\":\"off\",\"language\":\"de\",\"referrer_track\":\"\"},\"gplus\":{\"status\":\"on\",\"txt_info\":\"2 Klicks f\\u00fcr mehr Datenschutz: Erst wenn Sie hier klicken, wird der Button aktiv und Sie k\\u00f6nnen Ihre Empfehlung an Google+ senden. Schon beim Aktivieren werden Daten an Dritte \\u00fcbertragen - siehe <em>i<\\\/em>.\",\"perma_option\":\"off\",\"referrer_track\":\"\"}},\"txt_help\":\"Wenn Sie diese Felder durch einen Klick aktivieren, werden Informationen an Facebook, Twitter, Flattr, Xing, t3n, LinkedIn, Pinterest oder Google eventuell ins Ausland \\u00fcbertragen und unter Umst\\u00e4nden auch dort gespeichert. N\\u00e4heres erfahren Sie durch einen Klick auf das <em>i<\\\/em>.\",\"settings_perma\":\"Dauerhaft aktivieren und Daten\\u00fcber-tragung zustimmen:\",\"info_link\":\"http:\\\/\\\/www.heise.de\\\/ct\\\/artikel\\\/2-Klicks-fuer-mehr-Datenschutz-1333879.html\",\"uri\":\"https:\\\/\\\/nachdenken-in-muenchen.de\\\/?p=3256\",\"post_id\":3256,\"post_title_referrer_track\":\"SZ+und+das+Steuerkonzept+der+Union+%26%238211%3B+seri%C3%B6s+gerechnet%3F\",\"display_infobox\":\"on\"});}});\n\/* ]]> *\/<\/script><\/div>","protected":false},"excerpt":{"rendered":"<p>Da staune ich doch nicht schlecht, als ich am Montag die S\u00fcddeutsche aufschlage. Auch Familien mit geringen Einkommen sollen beim Steuerkonzept der Mittelstands- und Wirtschaftsvereinigung der CDU\/CSU (MIT) deutlich entlastet werden. Ich traue meinen Augen nicht, aber: &#8220;Steuerprofessor Frank Hechtner von der Freien Universit\u00e4t Berlin hat f\u00fcr die SZ ausgerechnet, wie hoch die Entlastungen f\u00fcr [&hellip;]<\/p>\n","protected":false},"author":4,"featured_media":0,"comment_status":"open","ping_status":"open","sticky":false,"template":"","format":"standard","meta":{"jetpack_post_was_ever_published":false,"_jetpack_newsletter_access":"","_jetpack_dont_email_post_to_subs":false,"_jetpack_newsletter_tier_id":0,"_jetpack_memberships_contains_paywalled_content":false,"_jetpack_memberships_contains_paid_content":false,"footnotes":"","jetpack_publicize_message":"","jetpack_publicize_feature_enabled":true,"jetpack_social_post_already_shared":true,"jetpack_social_options":{"image_generator_settings":{"template":"highway","default_image_id":0,"font":"","enabled":false},"version":2}},"categories":[3,4,7],"tags":[60,83,101,448],"coauthors":[350],"class_list":["post-3256","post","type-post","status-publish","format-standard","hentry","category-demokratie","category-gesellschaft","category-sozialpolitik","tag-existenzminimum","tag-hartz-iv","tag-kindergrundsicherung","tag-steuerreform"],"jetpack_publicize_connections":[],"jetpack_featured_media_url":"","jetpack_sharing_enabled":true,"jetpack_shortlink":"https:\/\/wp.me\/p4UEhA-Qw","_links":{"self":[{"href":"https:\/\/nachdenken-in-muenchen.de\/index.php?rest_route=\/wp\/v2\/posts\/3256","targetHints":{"allow":["GET"]}}],"collection":[{"href":"https:\/\/nachdenken-in-muenchen.de\/index.php?rest_route=\/wp\/v2\/posts"}],"about":[{"href":"https:\/\/nachdenken-in-muenchen.de\/index.php?rest_route=\/wp\/v2\/types\/post"}],"author":[{"embeddable":true,"href":"https:\/\/nachdenken-in-muenchen.de\/index.php?rest_route=\/wp\/v2\/users\/4"}],"replies":[{"embeddable":true,"href":"https:\/\/nachdenken-in-muenchen.de\/index.php?rest_route=%2Fwp%2Fv2%2Fcomments&post=3256"}],"version-history":[{"count":0,"href":"https:\/\/nachdenken-in-muenchen.de\/index.php?rest_route=\/wp\/v2\/posts\/3256\/revisions"}],"wp:attachment":[{"href":"https:\/\/nachdenken-in-muenchen.de\/index.php?rest_route=%2Fwp%2Fv2%2Fmedia&parent=3256"}],"wp:term":[{"taxonomy":"category","embeddable":true,"href":"https:\/\/nachdenken-in-muenchen.de\/index.php?rest_route=%2Fwp%2Fv2%2Fcategories&post=3256"},{"taxonomy":"post_tag","embeddable":true,"href":"https:\/\/nachdenken-in-muenchen.de\/index.php?rest_route=%2Fwp%2Fv2%2Ftags&post=3256"},{"taxonomy":"author","embeddable":true,"href":"https:\/\/nachdenken-in-muenchen.de\/index.php?rest_route=%2Fwp%2Fv2%2Fcoauthors&post=3256"}],"curies":[{"name":"wp","href":"https:\/\/api.w.org\/{rel}","templated":true}]}}