{"id":3243,"date":"2016-09-06T22:50:39","date_gmt":"2016-09-06T20:50:39","guid":{"rendered":"http:\/\/nachdenken-in-muenchen.de\/?p=3243"},"modified":"2016-09-06T22:50:39","modified_gmt":"2016-09-06T20:50:39","slug":"afd-marschiert-auf-platz-2","status":"publish","type":"post","link":"https:\/\/nachdenken-in-muenchen.de\/?p=3243","title":{"rendered":"AfD marschiert auf Platz 2"},"content":{"rendered":"<div style=\"width: 110px\" class=\"wp-caption alignleft\"><img loading=\"lazy\" decoding=\"async\" src=\"https:\/\/upload.wikimedia.org\/wikipedia\/commons\/thumb\/7\/74\/Coat_of_arms_of_Mecklenburg-Western_Pomerania_%28great%29.svg\/100px-Coat_of_arms_of_Mecklenburg-Western_Pomerania_%28great%29.svg.png\" srcset=\"\/\/upload.wikimedia.org\/wikipedia\/commons\/thumb\/7\/74\/Coat_of_arms_of_Mecklenburg-Western_Pomerania_%28great%29.svg\/150px-Coat_of_arms_of_Mecklenburg-Western_Pomerania_%28great%29.svg.png 1.5x, \/\/upload.wikimedia.org\/wikipedia\/commons\/thumb\/7\/74\/Coat_of_arms_of_Mecklenburg-Western_Pomerania_%28great%29.svg\/200px-Coat_of_arms_of_Mecklenburg-Western_Pomerania_%28great%29.svg.png 2x\" alt=\"Wappen Mecklenburg-Vorpommerns\" width=\"100\" height=\"108\" data-file-width=\"507\" data-file-height=\"548\" \/><p class=\"wp-caption-text\">Quelle: Wikipedia<\/p><\/div>\n<p><b>Ein Beitrag von <a href=\"https:\/\/www.freitag.de\/autoren\/waschi\" target\"_blank\">blog1<\/a><\/b><\/p>\n<p>Die AfD hat bei der Landtagswahl in Mecklenburg-Vorpommern am letzten Sonntag fast 21% erreicht \u2013 und das aus dem Stand. <!--more--><\/p>\n<h3>Ausgangslage<\/h3>\n<p>Schockstarre bei den etablierten Parteien. Alle habe sie verloren, bis auf die FDP. Sie verharrt allerdings auf zu vernachl\u00e4ssigendem Niveau. Wiederum hat sich der amtierende Ministerpr\u00e4sident durchsetzen k\u00f6nnen. Der gem\u00e4\u00dfigte Teil der Wahlb\u00fcrger hat sich also f\u00fcr eine Person ihres Vertrauens entschieden. Die Parteizugh\u00f6rigkeit spielte \u2013 wie schon in vorangegangen Landtagswahlen &#8211; eine untergeordnete bis keine Rolle, wenngleich der Kandidat der AfD eine gewisse Strahlkraft innerhalb seiner W\u00e4hlerschaft hatte.<\/p>\n<p>Prozentual betrachtet hat die SPD und die CDU nahezu gleicherma\u00dfen verloren. Die Linke wurde regelrecht demontiert. Sie hat ihren Anspruch, in den neuen Bundesl\u00e4ndern als Volkspartei zu gelten, endg\u00fcltig verloren. Die Gr\u00fcnen haben ihren Stimmenanteil halbiert. Jetzt r\u00e4cht es sich, dass die B\u00fcndnis 90 Leute in der F\u00fchrungsspitze der Gr\u00fcnen nicht mehr existent sind.<\/p>\n<p>Die AfD hat trotz der internen Querelen wiederum ein deutlich zweistelliges Ergebnis erzielt und das aus dem Stand, mit einem h\u00f6chst widerspr\u00fcchlichen Parteiprogramm und mit Kandidaten, die auf Bundesebene nicht gerade als Sympathietr\u00e4ger einzustufen sind. Die AfD hat alle Parteien kannibalisiert. Den h\u00f6chsten Zuwachs an W\u00e4hlerzustimmung hat die AfD aber aus der bisherigen Nichtw\u00e4hlerschaft erzielt. Es zeigt erneut, dass die Nichtw\u00e4hler nur mobilisiert werden m\u00fcssen, um an die Wahlurne zu gehen. Die Nichtw\u00e4hler sind somit nicht politikverdrossen sondern politikerverdrossen, ein Zeichen daf\u00fcr, wie hoch sich das Frust-bzw. Resignationspotenzial bei den Wahlberechtigten bereits etabliert hat.<\/p>\n<p>Obwohl sich in Mecklenburg-Vorpommern kaum Fl\u00fcchtlinge aufhalten, hat die Fl\u00fcchtlingsfrage eine zentrale Rolle bei der Entscheidungsfindung an der Wahlurne gespielt. Die Fl\u00fcchtlingsfrage ist aber lediglich ein Kulminationspunkt f\u00fcr das Wahlverhalten. Die AfD kann an dieser Problemstellung exemplarisch ihre gegens\u00e4tzliche Haltung zu den etablierten Parteien festmachen. Das macht die AfD aus der Sicht ihrer W\u00e4hlerschaft zu der einzig w\u00e4hlbaren Alternative, weil die so genannten etablierten Parteien in der Fl\u00fcchtlingsfrage mehr oder weniger die gleiche Meinung vertreten.<\/p>\n<h3>Wer ist die AfD und wer w\u00e4hlt sie?<\/h3>\n<p>Hier verweise ich auf meinem Beitrag \u201eDeutschland r\u00fcckt nach rechts\u201c, den ich anl\u00e4sslich der Wahlergebnisse der letzten 3 Landtagswahlen in Baden- W\u00fcrttemberg, Rheinland-Pfalz und Sachsen-Anhalt verfasst habe. Nicht einmal die Spaltung der AfD in Baden-W\u00fcrttemberg sowie die Querelen zwischen Petry und Prof. Meuthen haben der AfD essentiell geschadet. Bei der Bundestagswahl h\u00e4tten wir jedoch eine Gemengelage, die durchaus anders einzusch\u00e4tzen w\u00e4re.<\/p>\n<h3>Kanzlerd\u00e4mmerung<\/h3>\n<p>Dass die CDU in dem Stammland von Bundeskanzlerin Merkel hinter der AfD gelandet ist, ist f\u00fcr Merkel desastr\u00f6s. In Mecklenburg-Vorpommern gibt es zwar nur 1,3 Mio. Wahlberechtigte. Die Signalwirkung, die von dieser Landtagswahl ausgeht, ist jedoch nicht zu untersch\u00e4tzen. Die CDU f\u00fchrt ja mit der CSU in der Fl\u00fcchtlingsfrage einen regelrechten Grabenkrieg. Man k\u00f6nnte schon auf die Idee kommen, dass sich Seehofer als Kandidat f\u00fcr die Kanzlerschaft ins Spiel bringen will. Ob der \u201eAlpentaliban\u201c allerdings im Norden und Westen der Republik eine Chance hat, wage ich zu bezweifeln. Jetzt geht auch noch die SPD mit Vizekanzler Gabriel auf Distanz zu Merkel. Gabriel, der Hansdampf ohne Konzept in allen Gassen, f\u00fchlt sich durch den Ausgang der Landtagwahl in MV auch noch bet\u00e4tigt, wobei ihm Sellering gerade noch einmal das politische \u00dcberleben gesichert hat. Ab heute wird Sellering von Gabriel nur noch Erwin genannt.<\/p>\n<h3>Reaktionen der etablierten Parteien<\/h3>\n<p>Die etablierten Parteien haben bislang mit zwei unterschiedlichen Reaktionsweisen auf die AfD reagiert:<\/p>\n<ul>\n<li>Man h\u00e4lt komplett dagegen und zeigt quasi Flagge -> Strategie der Gr\u00fcnen und lange Zeit auch der Linken -> Konfrontationsstrategie<\/li>\n<li>Man \u00fcbernimmt Argumente der AfD und baut sie etwas um -> Strategie von der CSU -> Anlehnungsstrategie<\/li>\n<\/ul>\n<p>Beide grunds\u00e4tzlichen Vorgehensweisen bergen aber auch Gefahren. Die Anlehnungsstrategie wird vom W\u00e4hler dahingehend interpretiert, dass man doch lieber das Original w\u00e4hlt als die Kopie. Die Konfrontationsstrategie birgt die Gefahr, dass auf die Sorgen und die N\u00f6te der Bev\u00f6lkerung nicht ad\u00e4quat eingegangen wird. Das ist im \u00dcbrigen das Hauptproblem der Linken in den neuen Bundesl\u00e4ndern.<\/p>\n<p>Es bleibt festzuhalten, dass beide Vorgehensweisen bislang nicht zu dem gew\u00fcnschten Ergebnis gef\u00fchrt haben. Die Politiker der etablierten Parteien m\u00fcssen sich eingestehen, dass ihre Politik nicht glaubw\u00fcrdig ist.<\/p>\n<p>Entweder werden die Probleme ignoriert, weggel\u00e4chelt und mit der Notwendigkeit der Anpassung an eine globalisierte Welt, bei dem die Wettbewerbsf\u00e4higkeit einen zentralen Erfolgsfaktor darstellt, begr\u00fcndet. Der Neoliberalismus hat den Egomanen als Leitbild stilisiert. Dieses Leitbild teilt die Bev\u00f6lkerung in Gewinner und Verlierer ein. Und jetzt schlagen die so genannten \u201eLooser\u201c zur\u00fcck. Und t\u00e4glich werden es mehr. Diese \u201eVerlierer\u201c w\u00fcrden zwar von der AfD alles andere als pfleglich behandelt werden, nur, wenn st\u00f6rt das schon, sie regieren ja nicht und m\u00fcssen nichts unter Beweis stellen, au\u00dfer dem politischen Establishment kr\u00e4ftig heimzuleuchten. Es ist dieses Ohnmachtsgef\u00fchl, alles im Leben erreichen zu k\u00f6nnen und dennoch keine Chance zu haben, dorthin zu gelangen, wo sich die Sch\u00f6nen und Reichen bereits befinden.<\/p>\n<p class=\"wpf_wrapper\"><a class=\"print_link\" href=\"\" target=\"_blank\">Drucken<\/a><\/p><!-- .wpf_wrapper --><div class=\"twoclick_social_bookmarks_post_3243 social_share_privacy clearfix 1.6.4 locale-de_DE sprite-de_DE\"><\/div><div class=\"twoclick-js\"><script type=\"text\/javascript\">\/* <![CDATA[ *\/\njQuery(document).ready(function($){if($('.twoclick_social_bookmarks_post_3243')){$('.twoclick_social_bookmarks_post_3243').socialSharePrivacy({\"services\":{\"facebook\":{\"status\":\"on\",\"txt_info\":\"2 Klicks f\\u00fcr mehr Datenschutz: Erst wenn Sie hier klicken, wird der Button aktiv und Sie k\\u00f6nnen Ihre Empfehlung an Facebook senden. Schon beim Aktivieren werden Daten an Dritte \\u00fcbertragen - siehe <em>i<\\\/em>.\",\"perma_option\":\"off\",\"action\":\"recommend\",\"language\":\"de_DE\"},\"twitter\":{\"reply_to\":\"\",\"tweet_text\":\"%20AfD%20marschiert%20auf%20Platz%202%20%C2%BB%20Nachdenken%20in%20M%C3%BCnchen%20%23Alternativen%20%23Asyl%20...\",\"status\":\"on\",\"txt_info\":\"2 Klicks f\\u00fcr mehr Datenschutz: Erst wenn Sie hier klicken, wird der Button aktiv und Sie k\\u00f6nnen Ihre Empfehlung an Twitter senden. Schon beim Aktivieren werden Daten an Dritte \\u00fcbertragen - siehe <em>i<\\\/em>.\",\"perma_option\":\"off\",\"language\":\"de\",\"referrer_track\":\"\"},\"gplus\":{\"status\":\"on\",\"txt_info\":\"2 Klicks f\\u00fcr mehr Datenschutz: Erst wenn Sie hier klicken, wird der Button aktiv und Sie k\\u00f6nnen Ihre Empfehlung an Google+ senden. Schon beim Aktivieren werden Daten an Dritte \\u00fcbertragen - siehe <em>i<\\\/em>.\",\"perma_option\":\"off\",\"referrer_track\":\"\"}},\"txt_help\":\"Wenn Sie diese Felder durch einen Klick aktivieren, werden Informationen an Facebook, Twitter, Flattr, Xing, t3n, LinkedIn, Pinterest oder Google eventuell ins Ausland \\u00fcbertragen und unter Umst\\u00e4nden auch dort gespeichert. N\\u00e4heres erfahren Sie durch einen Klick auf das <em>i<\\\/em>.\",\"settings_perma\":\"Dauerhaft aktivieren und Daten\\u00fcber-tragung zustimmen:\",\"info_link\":\"http:\\\/\\\/www.heise.de\\\/ct\\\/artikel\\\/2-Klicks-fuer-mehr-Datenschutz-1333879.html\",\"uri\":\"https:\\\/\\\/nachdenken-in-muenchen.de\\\/?p=3243\",\"post_id\":3243,\"post_title_referrer_track\":\"AfD+marschiert+auf+Platz+2\",\"display_infobox\":\"on\"});}});\n\/* ]]> *\/<\/script><\/div>","protected":false},"excerpt":{"rendered":"<p>Ein Beitrag von blog1 Die AfD hat bei der Landtagswahl in Mecklenburg-Vorpommern am letzten Sonntag fast 21% erreicht \u2013 und das aus dem Stand. Drucken<\/p>\n","protected":false},"author":3,"featured_media":0,"comment_status":"open","ping_status":"open","sticky":false,"template":"","format":"standard","meta":{"jetpack_post_was_ever_published":false,"_jetpack_newsletter_access":"","_jetpack_dont_email_post_to_subs":false,"_jetpack_newsletter_tier_id":0,"_jetpack_memberships_contains_paywalled_content":false,"_jetpack_memberships_contains_paid_content":false,"footnotes":"","jetpack_publicize_message":"","jetpack_publicize_feature_enabled":true,"jetpack_social_post_already_shared":true,"jetpack_social_options":{"image_generator_settings":{"template":"highway","default_image_id":0,"font":"","enabled":false},"version":2}},"categories":[3,4],"tags":[12,22,43,47,447,64],"coauthors":[345],"class_list":["post-3243","post","type-post","status-publish","format-standard","hentry","category-demokratie","category-gesellschaft","tag-alternativen","tag-asyl","tag-cdu","tag-demokratie","tag-die-linke","tag-fluechtlinge"],"jetpack_publicize_connections":[],"jetpack_featured_media_url":"","jetpack_sharing_enabled":true,"jetpack_shortlink":"https:\/\/wp.me\/p4UEhA-Qj","_links":{"self":[{"href":"https:\/\/nachdenken-in-muenchen.de\/index.php?rest_route=\/wp\/v2\/posts\/3243","targetHints":{"allow":["GET"]}}],"collection":[{"href":"https:\/\/nachdenken-in-muenchen.de\/index.php?rest_route=\/wp\/v2\/posts"}],"about":[{"href":"https:\/\/nachdenken-in-muenchen.de\/index.php?rest_route=\/wp\/v2\/types\/post"}],"author":[{"embeddable":true,"href":"https:\/\/nachdenken-in-muenchen.de\/index.php?rest_route=\/wp\/v2\/users\/3"}],"replies":[{"embeddable":true,"href":"https:\/\/nachdenken-in-muenchen.de\/index.php?rest_route=%2Fwp%2Fv2%2Fcomments&post=3243"}],"version-history":[{"count":0,"href":"https:\/\/nachdenken-in-muenchen.de\/index.php?rest_route=\/wp\/v2\/posts\/3243\/revisions"}],"wp:attachment":[{"href":"https:\/\/nachdenken-in-muenchen.de\/index.php?rest_route=%2Fwp%2Fv2%2Fmedia&parent=3243"}],"wp:term":[{"taxonomy":"category","embeddable":true,"href":"https:\/\/nachdenken-in-muenchen.de\/index.php?rest_route=%2Fwp%2Fv2%2Fcategories&post=3243"},{"taxonomy":"post_tag","embeddable":true,"href":"https:\/\/nachdenken-in-muenchen.de\/index.php?rest_route=%2Fwp%2Fv2%2Ftags&post=3243"},{"taxonomy":"author","embeddable":true,"href":"https:\/\/nachdenken-in-muenchen.de\/index.php?rest_route=%2Fwp%2Fv2%2Fcoauthors&post=3243"}],"curies":[{"name":"wp","href":"https:\/\/api.w.org\/{rel}","templated":true}]}}