{"id":302,"date":"2014-07-21T09:28:21","date_gmt":"2014-07-21T08:28:21","guid":{"rendered":"http:\/\/nachdenken-in-muenchen.de\/?p=302"},"modified":"2014-07-21T09:28:21","modified_gmt":"2014-07-21T08:28:21","slug":"alarmstufe-rot-denkanstoss-von-willy-wimmer-auf-den-nachdenkseiten","status":"publish","type":"post","link":"https:\/\/nachdenken-in-muenchen.de\/?p=302","title":{"rendered":"Alarmstufe \u201eRot\u201c \u2013 Denkansto\u00df von Willy Wimmer auf den NachDenkSeiten"},"content":{"rendered":"<p>Angesichts der Eskalation des Konflikts in der Ukraine gut, die mahnenden Worte von Willy Wimmer sehr ernst zu nehmen:<\/p>\n<p>&#8220;Seit dem Versuch, die Ukraine-Krise wegen der Aufst\u00e4nde in Kiew durch die Au\u00dfenminister Fabius, Sikorski und Steinmeier zu l\u00f6sen, zieht es sich bis zu den j\u00fcngsten und angeblichen Vereinbarungen zwischen Poroschenko, Putin und Hollande wie ein roter Faden durch die kriegsgef\u00e4hrlich gewordene Ukraine-Krise. Es wird der nachdr\u00fcckliche Beweis daf\u00fcr erbracht, dass jeder europ\u00e4ische L\u00f6sungsversuch durch den ukrainischen Pr\u00e4sidenten und seine Master in Washington hintertrieben wird. Die europ\u00e4ischen Staaten m\u00fcssen nicht erst seit den offenen Worten von Frau Nuland aus dem US-Au\u00dfenministerium erkennen, wie sehr, was in der Ukraine zum offenen Krieg mit Nachbarn f\u00fchren wird, als \u201eDrehbuch\u201c in Washington und in keiner europ\u00e4ischen Hauptstadt liegt.&#8221;<\/p>\n<p><a href=\"http:\/\/www.nachdenkseiten.de\/?p=22379\" target=\"_blank\">Weiterlesen auf den NachDenkSeiten \u2192<\/a><\/p>\n<p class=\"wpf_wrapper\"><a class=\"print_link\" href=\"\" target=\"_blank\">Drucken<\/a><\/p><!-- .wpf_wrapper --><div class=\"twoclick_social_bookmarks_post_302 social_share_privacy clearfix 1.6.4 locale-de_DE sprite-de_DE\"><\/div><div class=\"twoclick-js\"><script type=\"text\/javascript\">\/* <![CDATA[ *\/\njQuery(document).ready(function($){if($('.twoclick_social_bookmarks_post_302')){$('.twoclick_social_bookmarks_post_302').socialSharePrivacy({\"services\":{\"facebook\":{\"status\":\"on\",\"txt_info\":\"2 Klicks f\\u00fcr mehr Datenschutz: Erst wenn Sie hier klicken, wird der Button aktiv und Sie k\\u00f6nnen Ihre Empfehlung an Facebook senden. Schon beim Aktivieren werden Daten an Dritte \\u00fcbertragen - siehe <em>i<\\\/em>.\",\"perma_option\":\"off\",\"action\":\"recommend\",\"language\":\"de_DE\"},\"twitter\":{\"reply_to\":\"\",\"tweet_text\":\"%20Alarmstufe%20%E2%80%9ERot%E2%80%9C%20%E2%80%93%20Denkansto%C3%9F%20von%20Willy%20Wimmer%20auf%20den%20...\",\"status\":\"on\",\"txt_info\":\"2 Klicks f\\u00fcr mehr Datenschutz: Erst wenn Sie hier klicken, wird der Button aktiv und Sie k\\u00f6nnen Ihre Empfehlung an Twitter senden. Schon beim Aktivieren werden Daten an Dritte \\u00fcbertragen - siehe <em>i<\\\/em>.\",\"perma_option\":\"off\",\"language\":\"de\",\"referrer_track\":\"\"},\"gplus\":{\"status\":\"on\",\"txt_info\":\"2 Klicks f\\u00fcr mehr Datenschutz: Erst wenn Sie hier klicken, wird der Button aktiv und Sie k\\u00f6nnen Ihre Empfehlung an Google+ senden. Schon beim Aktivieren werden Daten an Dritte \\u00fcbertragen - siehe <em>i<\\\/em>.\",\"perma_option\":\"off\",\"referrer_track\":\"\"}},\"txt_help\":\"Wenn Sie diese Felder durch einen Klick aktivieren, werden Informationen an Facebook, Twitter, Flattr, Xing, t3n, LinkedIn, Pinterest oder Google eventuell ins Ausland \\u00fcbertragen und unter Umst\\u00e4nden auch dort gespeichert. N\\u00e4heres erfahren Sie durch einen Klick auf das <em>i<\\\/em>.\",\"settings_perma\":\"Dauerhaft aktivieren und Daten\\u00fcber-tragung zustimmen:\",\"info_link\":\"http:\\\/\\\/www.heise.de\\\/ct\\\/artikel\\\/2-Klicks-fuer-mehr-Datenschutz-1333879.html\",\"uri\":\"https:\\\/\\\/nachdenken-in-muenchen.de\\\/?p=302\",\"post_id\":302,\"post_title_referrer_track\":\"Alarmstufe+%E2%80%9ERot%E2%80%9C+%E2%80%93+Denkansto%C3%9F+von+Willy+Wimmer+auf+den+NachDenkSeiten\",\"display_infobox\":\"on\"});}});\n\/* ]]> *\/<\/script><\/div>","protected":false},"excerpt":{"rendered":"<p>Angesichts der Eskalation des Konflikts in der Ukraine gut, die mahnenden Worte von Willy Wimmer sehr ernst zu nehmen: &#8220;Seit dem Versuch, die Ukraine-Krise wegen der Aufst\u00e4nde in Kiew durch die Au\u00dfenminister Fabius, Sikorski und Steinmeier zu l\u00f6sen, zieht es sich bis zu den j\u00fcngsten und angeblichen Vereinbarungen zwischen Poroschenko, Putin und Hollande wie ein [&hellip;]<\/p>\n","protected":false},"author":4,"featured_media":0,"comment_status":"open","ping_status":"open","sticky":false,"template":"","format":"standard","meta":{"jetpack_post_was_ever_published":false,"_jetpack_newsletter_access":"","_jetpack_dont_email_post_to_subs":false,"_jetpack_newsletter_tier_id":0,"_jetpack_memberships_contains_paywalled_content":false,"_jetpack_memberships_contains_paid_content":false,"footnotes":"","jetpack_publicize_message":"","jetpack_publicize_feature_enabled":true,"jetpack_social_post_already_shared":false,"jetpack_social_options":{"image_generator_settings":{"template":"highway","default_image_id":0,"font":"","enabled":false},"version":2}},"categories":[5],"tags":[69,108,174],"coauthors":[],"class_list":["post-302","post","type-post","status-publish","format-standard","hentry","category-krieg-und-frieden","tag-frieden","tag-krieg","tag-ukraine"],"jetpack_publicize_connections":[],"jetpack_featured_media_url":"","jetpack_sharing_enabled":true,"jetpack_shortlink":"https:\/\/wp.me\/p4UEhA-4S","_links":{"self":[{"href":"https:\/\/nachdenken-in-muenchen.de\/index.php?rest_route=\/wp\/v2\/posts\/302","targetHints":{"allow":["GET"]}}],"collection":[{"href":"https:\/\/nachdenken-in-muenchen.de\/index.php?rest_route=\/wp\/v2\/posts"}],"about":[{"href":"https:\/\/nachdenken-in-muenchen.de\/index.php?rest_route=\/wp\/v2\/types\/post"}],"author":[{"embeddable":true,"href":"https:\/\/nachdenken-in-muenchen.de\/index.php?rest_route=\/wp\/v2\/users\/4"}],"replies":[{"embeddable":true,"href":"https:\/\/nachdenken-in-muenchen.de\/index.php?rest_route=%2Fwp%2Fv2%2Fcomments&post=302"}],"version-history":[{"count":0,"href":"https:\/\/nachdenken-in-muenchen.de\/index.php?rest_route=\/wp\/v2\/posts\/302\/revisions"}],"wp:attachment":[{"href":"https:\/\/nachdenken-in-muenchen.de\/index.php?rest_route=%2Fwp%2Fv2%2Fmedia&parent=302"}],"wp:term":[{"taxonomy":"category","embeddable":true,"href":"https:\/\/nachdenken-in-muenchen.de\/index.php?rest_route=%2Fwp%2Fv2%2Fcategories&post=302"},{"taxonomy":"post_tag","embeddable":true,"href":"https:\/\/nachdenken-in-muenchen.de\/index.php?rest_route=%2Fwp%2Fv2%2Ftags&post=302"},{"taxonomy":"author","embeddable":true,"href":"https:\/\/nachdenken-in-muenchen.de\/index.php?rest_route=%2Fwp%2Fv2%2Fcoauthors&post=302"}],"curies":[{"name":"wp","href":"https:\/\/api.w.org\/{rel}","templated":true}]}}