{"id":2996,"date":"2016-03-01T12:54:51","date_gmt":"2016-03-01T11:54:51","guid":{"rendered":"http:\/\/nachdenken-in-muenchen.de\/?p=2996"},"modified":"2016-03-25T21:43:02","modified_gmt":"2016-03-25T20:43:02","slug":"ein-neues-europaeisches-projekt-perspektiven-und-visionen","status":"publish","type":"post","link":"https:\/\/nachdenken-in-muenchen.de\/?p=2996","title":{"rendered":"Ein neues europ\u00e4isches Projekt &#8211; Perspektiven und Visionen"},"content":{"rendered":"<p>Die diesj\u00e4hrige Winterschule von <a href=\"http:\/\/www.attac-muenchen.org\/\" target=\"_blank\">Attac M\u00fcnchen<\/a> trug den bezeichnenden Titel &#8220;Europa &#8211; quo vadis? &#8211; Warum die EU am Ende ist und wie ein anderes Europa aussehen k\u00f6nnte&#8221;. Zu dieser Frage gab es einen sehr grunds\u00e4tzlichen Vortrag von <a href=\"http:\/\/www.michael-hirsch-archiv.de\/ueber-michael-hirsch\/\" target=\"_blank\">Dr. Michael Hirsch<\/a>, Privatdozent f\u00fcr Politische Theorie an der Uni Siegen: Das europ\u00e4ische Projekt der Gegenwart besteht aus postdemokratischen, nationalen Wettbewerbsstaaten. Welches andere demokratische Projekt Europa k\u00f6nnte man dem entgegenstellen?<\/p>\n<p>Nachfolgend der Mitschnitt des spannenden, dichten Vortrags und der anschlie\u00dfenden Diskussion.<\/p>\n<p><iframe loading=\"lazy\" src=\"https:\/\/www.youtube.com\/embed\/0G7BCSKZZQc\" width=\"560\" height=\"315\" frameborder=\"0\" allowfullscreen=\"allowfullscreen\"><\/iframe><\/p>\n<p><!--more--><\/p>\n<hr \/>\n<p><em>Von Michael Hirsch ist vor wenigen Wochen das Buch &#8220;Die \u00dcberwindung der Arbeitsgesellschaft \u2013 Eine politische Philosophie der Arbeit&#8221; im <a href=\"http:\/\/www.springer.com\/de\/book\/9783658099305\" target=\"_blank\">Verlag Springer VS<\/a> erschienen. Auf Telepolis ist dazu ein <a href=\"http:\/\/www.heise.de\/tp\/artikel\/46\/46645\/1.html\" target=\"_blank\">dreiteiliges Interview<\/a> von Reinhard Jellen erschienen.<\/em><\/p>\n<p><em>Hiweisen m\u00f6chten wir auch auf sein Buch &#8220;Warum wir eine andere Gesellschaft brauchen!&#8221;, das wir hier auf dem Blog <a href=\"http:\/\/nachdenken-in-muenchen.de\/?p=1645\">bereits vorgestellt haben<\/a>. <\/em><\/p>\n<p><em>Weitere Mitschnitte von der Attac-Winterschule (Alexis Passadakis, Prof. Armin Nassehi, Peter Wahl) gibt es auf dem <a href=\"https:\/\/www.youtube.com\/channel\/UCWtD0FbjReAOINVegk5ESUw\" target=\"_blank\">Youtube-Kanal von MrMarxismo II<\/a>.<\/em><\/p>\n<p class=\"wpf_wrapper\"><a class=\"print_link\" href=\"\" target=\"_blank\">Drucken<\/a><\/p><!-- .wpf_wrapper --><div class=\"twoclick_social_bookmarks_post_2996 social_share_privacy clearfix 1.6.4 locale-de_DE sprite-de_DE\"><\/div><div class=\"twoclick-js\"><script type=\"text\/javascript\">\/* <![CDATA[ *\/\njQuery(document).ready(function($){if($('.twoclick_social_bookmarks_post_2996')){$('.twoclick_social_bookmarks_post_2996').socialSharePrivacy({\"services\":{\"facebook\":{\"status\":\"on\",\"txt_info\":\"2 Klicks f\\u00fcr mehr Datenschutz: Erst wenn Sie hier klicken, wird der Button aktiv und Sie k\\u00f6nnen Ihre Empfehlung an Facebook senden. Schon beim Aktivieren werden Daten an Dritte \\u00fcbertragen - siehe <em>i<\\\/em>.\",\"perma_option\":\"off\",\"action\":\"recommend\",\"language\":\"de_DE\"},\"twitter\":{\"reply_to\":\"\",\"tweet_text\":\"%20Ein%20neues%20europ%C3%A4isches%20Projekt%20%E2%80%93%20Perspektiven%20und%20Visionen%20%C2%BB%20Nachdenken%20...\",\"status\":\"on\",\"txt_info\":\"2 Klicks f\\u00fcr mehr Datenschutz: Erst wenn Sie hier klicken, wird der Button aktiv und Sie k\\u00f6nnen Ihre Empfehlung an Twitter senden. Schon beim Aktivieren werden Daten an Dritte \\u00fcbertragen - siehe <em>i<\\\/em>.\",\"perma_option\":\"off\",\"language\":\"de\",\"referrer_track\":\"\"},\"gplus\":{\"status\":\"on\",\"txt_info\":\"2 Klicks f\\u00fcr mehr Datenschutz: Erst wenn Sie hier klicken, wird der Button aktiv und Sie k\\u00f6nnen Ihre Empfehlung an Google+ senden. Schon beim Aktivieren werden Daten an Dritte \\u00fcbertragen - siehe <em>i<\\\/em>.\",\"perma_option\":\"off\",\"referrer_track\":\"\"}},\"txt_help\":\"Wenn Sie diese Felder durch einen Klick aktivieren, werden Informationen an Facebook, Twitter, Flattr, Xing, t3n, LinkedIn, Pinterest oder Google eventuell ins Ausland \\u00fcbertragen und unter Umst\\u00e4nden auch dort gespeichert. N\\u00e4heres erfahren Sie durch einen Klick auf das <em>i<\\\/em>.\",\"settings_perma\":\"Dauerhaft aktivieren und Daten\\u00fcber-tragung zustimmen:\",\"info_link\":\"http:\\\/\\\/www.heise.de\\\/ct\\\/artikel\\\/2-Klicks-fuer-mehr-Datenschutz-1333879.html\",\"uri\":\"https:\\\/\\\/nachdenken-in-muenchen.de\\\/?p=2996\",\"post_id\":2996,\"post_title_referrer_track\":\"Ein+neues+europ%C3%A4isches+Projekt+%26%238211%3B+Perspektiven+und+Visionen\",\"display_infobox\":\"on\"});}});\n\/* ]]> *\/<\/script><\/div>","protected":false},"excerpt":{"rendered":"<p>Die diesj\u00e4hrige Winterschule von Attac M\u00fcnchen trug den bezeichnenden Titel &#8220;Europa &#8211; quo vadis? &#8211; Warum die EU am Ende ist und wie ein anderes Europa aussehen k\u00f6nnte&#8221;. Zu dieser Frage gab es einen sehr grunds\u00e4tzlichen Vortrag von Dr. Michael Hirsch, Privatdozent f\u00fcr Politische Theorie an der Uni Siegen: Das europ\u00e4ische Projekt der Gegenwart besteht [&hellip;]<\/p>\n","protected":false},"author":4,"featured_media":0,"comment_status":"open","ping_status":"open","sticky":false,"template":"","format":"standard","meta":{"jetpack_post_was_ever_published":false,"_jetpack_newsletter_access":"","_jetpack_dont_email_post_to_subs":false,"_jetpack_newsletter_tier_id":0,"_jetpack_memberships_contains_paywalled_content":false,"_jetpack_memberships_contains_paid_content":false,"footnotes":"","jetpack_publicize_message":"","jetpack_publicize_feature_enabled":true,"jetpack_social_post_already_shared":true,"jetpack_social_options":{"image_generator_settings":{"template":"highway","default_image_id":0,"font":"","enabled":false},"version":2}},"categories":[3,4,6],"tags":[12,18,59,381,423,79,176],"coauthors":[350],"class_list":["post-2996","post","type-post","status-publish","format-standard","hentry","category-demokratie","category-gesellschaft","category-muenchen-und-umgebung","tag-alternativen","tag-arbeitszeitverkuerzung","tag-europa","tag-fortschritt","tag-gegenentwurf","tag-gewerkschaften","tag-umverteilung"],"jetpack_publicize_connections":[],"jetpack_featured_media_url":"","jetpack_sharing_enabled":true,"jetpack_shortlink":"https:\/\/wp.me\/p4UEhA-Mk","_links":{"self":[{"href":"https:\/\/nachdenken-in-muenchen.de\/index.php?rest_route=\/wp\/v2\/posts\/2996","targetHints":{"allow":["GET"]}}],"collection":[{"href":"https:\/\/nachdenken-in-muenchen.de\/index.php?rest_route=\/wp\/v2\/posts"}],"about":[{"href":"https:\/\/nachdenken-in-muenchen.de\/index.php?rest_route=\/wp\/v2\/types\/post"}],"author":[{"embeddable":true,"href":"https:\/\/nachdenken-in-muenchen.de\/index.php?rest_route=\/wp\/v2\/users\/4"}],"replies":[{"embeddable":true,"href":"https:\/\/nachdenken-in-muenchen.de\/index.php?rest_route=%2Fwp%2Fv2%2Fcomments&post=2996"}],"version-history":[{"count":0,"href":"https:\/\/nachdenken-in-muenchen.de\/index.php?rest_route=\/wp\/v2\/posts\/2996\/revisions"}],"wp:attachment":[{"href":"https:\/\/nachdenken-in-muenchen.de\/index.php?rest_route=%2Fwp%2Fv2%2Fmedia&parent=2996"}],"wp:term":[{"taxonomy":"category","embeddable":true,"href":"https:\/\/nachdenken-in-muenchen.de\/index.php?rest_route=%2Fwp%2Fv2%2Fcategories&post=2996"},{"taxonomy":"post_tag","embeddable":true,"href":"https:\/\/nachdenken-in-muenchen.de\/index.php?rest_route=%2Fwp%2Fv2%2Ftags&post=2996"},{"taxonomy":"author","embeddable":true,"href":"https:\/\/nachdenken-in-muenchen.de\/index.php?rest_route=%2Fwp%2Fv2%2Fcoauthors&post=2996"}],"curies":[{"name":"wp","href":"https:\/\/api.w.org\/{rel}","templated":true}]}}