{"id":284,"date":"2014-07-18T16:18:41","date_gmt":"2014-07-18T15:18:41","guid":{"rendered":"http:\/\/nachdenken-in-muenchen.de\/?p=284"},"modified":"2014-07-18T16:18:41","modified_gmt":"2014-07-18T15:18:41","slug":"carsharing-in-vaterstetten-ein-richtiger-schritt-in-die-zukunft","status":"publish","type":"post","link":"https:\/\/nachdenken-in-muenchen.de\/?p=284","title":{"rendered":"Carsharing in Vaterstetten: Ein richtiger Schritt in die Zukunft!"},"content":{"rendered":"<p>W\u00e4hrend etwa 20% des im Lebenslauf eines Autos verursachten CO<sub>2<\/sub>-Aussto\u00dfes\u00a0bei der Produktion des Fahrzeugs entstehen, sind ca. 3\/4 der Kosten eines Autos Fixkosten, fallen also an unabh\u00e4ngig von der Nutzung.<\/p>\n<p>Carsharing &#8211; mehrere Personen nutzen ein Fahrzeug &#8211; reduziert also den CO<sub>2<\/sub>-Aussto\u00df und die Kosten f\u00fcr den Nutzer gleicherma\u00dfen.<\/p>\n<p>Und es funktioniert, z.B. in Vaterstetten bei M\u00fcnchen!<\/p>\n<ul>\n<li>Vaterstetten hat ca 22.000 Einwohner und liegt im Kreis Ebersberg im S-Bahn-Bereich von M\u00fcnchen.<\/li>\n<li>Ein eingetragener Verein organisiert das Carsharing.<\/li>\n<li>Der Verein hat heute 266 Mitglieder, im Bestand sind 21 Fahrzeuge.<\/li>\n<li>Die Mitglieder zahlen eine einmalige Einlage, die bei Austritt zur\u00fcckerstattet wird, von 600 \u20ac.<\/li>\n<li>Der Tarif f\u00fcr die Nutzung (inklusive Benzinkosten) betr\u00e4gt zwischen 0,25 \u20ac \/ km\u00a0 f\u00fcr den Kleinwagen und 0,40 \u20ac \/ km f\u00fcr den Transporter.<\/li>\n<li>Der Zeittarif betr\u00e4gt 0,90 \u20ac \/ Stunde tags\u00fcber und nachts 0,20 \u20ac \/ Stunde. Gebucht und abgerechnet wird im Viertel-Stunden-Takt.<\/li>\n<li>Es wird eine einmalige Aufnahmegeb\u00fchr von 50 \u20ac erhoben.<\/li>\n<li>Nur wer Mitglied ist, darf die Autos nutzen.<\/li>\n<li>Die Leiter und Organisatoren arbeiten ehrenamtlich.<\/li>\n<\/ul>\n<p>Ein weiterer Vorteil des Carsharings ist nachgewiesen. Es wird deutlich weniger, weil bewusster Auto gefahren.<\/p>\n<p><a href=\"http:\/\/www.carsharing-vaterstetten.de\/\" target=\"_blank\">http:\/\/www.carsharing-vaterstetten.de\/<\/a><\/p>\n<p class=\"wpf_wrapper\"><a class=\"print_link\" href=\"\" target=\"_blank\">Drucken<\/a><\/p><!-- .wpf_wrapper --><div class=\"twoclick_social_bookmarks_post_284 social_share_privacy clearfix 1.6.4 locale-de_DE sprite-de_DE\"><\/div><div class=\"twoclick-js\"><script type=\"text\/javascript\">\/* <![CDATA[ *\/\njQuery(document).ready(function($){if($('.twoclick_social_bookmarks_post_284')){$('.twoclick_social_bookmarks_post_284').socialSharePrivacy({\"services\":{\"facebook\":{\"status\":\"on\",\"txt_info\":\"2 Klicks f\\u00fcr mehr Datenschutz: Erst wenn Sie hier klicken, wird der Button aktiv und Sie k\\u00f6nnen Ihre Empfehlung an Facebook senden. Schon beim Aktivieren werden Daten an Dritte \\u00fcbertragen - siehe <em>i<\\\/em>.\",\"perma_option\":\"off\",\"action\":\"recommend\",\"language\":\"de_DE\"},\"twitter\":{\"reply_to\":\"\",\"tweet_text\":\"%20Carsharing%20in%20Vaterstetten%3A%20Ein%20richtiger%20Schritt%20in%20die%20Zukunft%21%20%C2%BB%20Nachdenken%20...\",\"status\":\"on\",\"txt_info\":\"2 Klicks f\\u00fcr mehr Datenschutz: Erst wenn Sie hier klicken, wird der Button aktiv und Sie k\\u00f6nnen Ihre Empfehlung an Twitter senden. Schon beim Aktivieren werden Daten an Dritte \\u00fcbertragen - siehe <em>i<\\\/em>.\",\"perma_option\":\"off\",\"language\":\"de\",\"referrer_track\":\"\"},\"gplus\":{\"status\":\"on\",\"txt_info\":\"2 Klicks f\\u00fcr mehr Datenschutz: Erst wenn Sie hier klicken, wird der Button aktiv und Sie k\\u00f6nnen Ihre Empfehlung an Google+ senden. Schon beim Aktivieren werden Daten an Dritte \\u00fcbertragen - siehe <em>i<\\\/em>.\",\"perma_option\":\"off\",\"referrer_track\":\"\"}},\"txt_help\":\"Wenn Sie diese Felder durch einen Klick aktivieren, werden Informationen an Facebook, Twitter, Flattr, Xing, t3n, LinkedIn, Pinterest oder Google eventuell ins Ausland \\u00fcbertragen und unter Umst\\u00e4nden auch dort gespeichert. N\\u00e4heres erfahren Sie durch einen Klick auf das <em>i<\\\/em>.\",\"settings_perma\":\"Dauerhaft aktivieren und Daten\\u00fcber-tragung zustimmen:\",\"info_link\":\"http:\\\/\\\/www.heise.de\\\/ct\\\/artikel\\\/2-Klicks-fuer-mehr-Datenschutz-1333879.html\",\"uri\":\"https:\\\/\\\/nachdenken-in-muenchen.de\\\/?p=284\",\"post_id\":284,\"post_title_referrer_track\":\"Carsharing+in+Vaterstetten%3A+Ein+richtiger+Schritt+in+die+Zukunft%21\",\"display_infobox\":\"on\"});}});\n\/* ]]> *\/<\/script><\/div>","protected":false},"excerpt":{"rendered":"<p>W\u00e4hrend etwa 20% des im Lebenslauf eines Autos verursachten CO2-Aussto\u00dfes\u00a0bei der Produktion des Fahrzeugs entstehen, sind ca. 3\/4 der Kosten eines Autos Fixkosten, fallen also an unabh\u00e4ngig von der Nutzung. Carsharing &#8211; mehrere Personen nutzen ein Fahrzeug &#8211; reduziert also den CO2-Aussto\u00df und die Kosten f\u00fcr den Nutzer gleicherma\u00dfen. Und es funktioniert, z.B. in Vaterstetten [&hellip;]<\/p>\n","protected":false},"author":3,"featured_media":0,"comment_status":"open","ping_status":"open","sticky":false,"template":"","format":"standard","meta":{"jetpack_post_was_ever_published":false,"_jetpack_newsletter_access":"","_jetpack_dont_email_post_to_subs":false,"_jetpack_newsletter_tier_id":0,"_jetpack_memberships_contains_paywalled_content":false,"_jetpack_memberships_contains_paid_content":false,"footnotes":"","jetpack_publicize_message":"","jetpack_publicize_feature_enabled":true,"jetpack_social_post_already_shared":false,"jetpack_social_options":{"image_generator_settings":{"template":"highway","default_image_id":0,"font":"","enabled":false},"version":2}},"categories":[2,6],"tags":[52,102,148,189],"coauthors":[],"class_list":["post-284","post","type-post","status-publish","format-standard","hentry","category-allgemeines","category-muenchen-und-umgebung","tag-energie","tag-klimawandel","tag-ressourcen","tag-wachstum"],"jetpack_publicize_connections":[],"jetpack_featured_media_url":"","jetpack_sharing_enabled":true,"jetpack_shortlink":"https:\/\/wp.me\/p4UEhA-4A","_links":{"self":[{"href":"https:\/\/nachdenken-in-muenchen.de\/index.php?rest_route=\/wp\/v2\/posts\/284","targetHints":{"allow":["GET"]}}],"collection":[{"href":"https:\/\/nachdenken-in-muenchen.de\/index.php?rest_route=\/wp\/v2\/posts"}],"about":[{"href":"https:\/\/nachdenken-in-muenchen.de\/index.php?rest_route=\/wp\/v2\/types\/post"}],"author":[{"embeddable":true,"href":"https:\/\/nachdenken-in-muenchen.de\/index.php?rest_route=\/wp\/v2\/users\/3"}],"replies":[{"embeddable":true,"href":"https:\/\/nachdenken-in-muenchen.de\/index.php?rest_route=%2Fwp%2Fv2%2Fcomments&post=284"}],"version-history":[{"count":0,"href":"https:\/\/nachdenken-in-muenchen.de\/index.php?rest_route=\/wp\/v2\/posts\/284\/revisions"}],"wp:attachment":[{"href":"https:\/\/nachdenken-in-muenchen.de\/index.php?rest_route=%2Fwp%2Fv2%2Fmedia&parent=284"}],"wp:term":[{"taxonomy":"category","embeddable":true,"href":"https:\/\/nachdenken-in-muenchen.de\/index.php?rest_route=%2Fwp%2Fv2%2Fcategories&post=284"},{"taxonomy":"post_tag","embeddable":true,"href":"https:\/\/nachdenken-in-muenchen.de\/index.php?rest_route=%2Fwp%2Fv2%2Ftags&post=284"},{"taxonomy":"author","embeddable":true,"href":"https:\/\/nachdenken-in-muenchen.de\/index.php?rest_route=%2Fwp%2Fv2%2Fcoauthors&post=284"}],"curies":[{"name":"wp","href":"https:\/\/api.w.org\/{rel}","templated":true}]}}