{"id":273,"date":"2014-07-14T22:09:59","date_gmt":"2014-07-14T21:09:59","guid":{"rendered":"http:\/\/nachdenken-in-muenchen.de\/?p=273"},"modified":"2018-05-10T20:36:36","modified_gmt":"2018-05-10T18:36:36","slug":"georg-schramm-ueber-den-krieg-reich-gegen-arm","status":"publish","type":"post","link":"https:\/\/nachdenken-in-muenchen.de\/?p=273","title":{"rendered":"Georg Schramm \u00fcber den Krieg Reich gegen Arm"},"content":{"rendered":"<p>Georg Schramm referierte auf einer Veranstaltung der GLS Bank im Juni 2014 \u00fcber den Konflikt des 21. Jahrhunderts: den Krieg der Reichen gegen die Armen.<\/p>\n<p><iframe loading=\"lazy\" width=\"560\" height=\"315\" src=\"https:\/\/www.youtube.com\/embed\/ssxOc0bydd0\" frameborder=\"0\" allow=\"autoplay; encrypted-media\" allowfullscreen><\/iframe><\/p>\n<p>F\u00fcr mich immer wieder beachtlich, wie Georg Schramm die Finger in die Wunde unserer Gesellschaft legt, n\u00e4mlich dass mit dem Neoliberalismus seit mehr als 30 Jahren die Umverteilung von unten nach oben von langer Hand geplant und gegen uns durchgezogen wird &#8211; ohne dass wir uns dagegen wehren<\/p>\n<blockquote><p>Wo anderswo politisches Kabarett endet und dem Zuschauer das Weiterdenken selbst \u00fcberl\u00e4sst, da bestimmt Schramm, dass das Ganze kein Spa\u00df ist.<\/p>\n<p><a href=\"http:\/\/www.sueddeutsche.de\/kultur\/kabarettist-georg-schramm-in-berlin-ueber-allen-gipfeln-ist-wut-1.1706069-2\" target=\"_blank\" rel=\"noopener noreferrer\">S\u00fcddeutsche Zeitung, 26.06.2013<\/a><\/p><\/blockquote>\n<p>&nbsp;<\/p>\n<p class=\"wpf_wrapper\"><a class=\"print_link\" href=\"\" target=\"_blank\">Drucken<\/a><\/p><!-- .wpf_wrapper --><div class=\"twoclick_social_bookmarks_post_273 social_share_privacy clearfix 1.6.4 locale-de_DE sprite-de_DE\"><\/div><div class=\"twoclick-js\"><script type=\"text\/javascript\">\/* <![CDATA[ *\/\njQuery(document).ready(function($){if($('.twoclick_social_bookmarks_post_273')){$('.twoclick_social_bookmarks_post_273').socialSharePrivacy({\"services\":{\"facebook\":{\"status\":\"on\",\"txt_info\":\"2 Klicks f\\u00fcr mehr Datenschutz: Erst wenn Sie hier klicken, wird der Button aktiv und Sie k\\u00f6nnen Ihre Empfehlung an Facebook senden. Schon beim Aktivieren werden Daten an Dritte \\u00fcbertragen - siehe <em>i<\\\/em>.\",\"perma_option\":\"off\",\"action\":\"recommend\",\"language\":\"de_DE\"},\"twitter\":{\"reply_to\":\"\",\"tweet_text\":\"%20Georg%20Schramm%20%C3%BCber%20den%20Krieg%20Reich%20gegen%20Arm%20%C2%BB%20Nachdenken%20in%20M%C3%BCnchen%20...\",\"status\":\"on\",\"txt_info\":\"2 Klicks f\\u00fcr mehr Datenschutz: Erst wenn Sie hier klicken, wird der Button aktiv und Sie k\\u00f6nnen Ihre Empfehlung an Twitter senden. Schon beim Aktivieren werden Daten an Dritte \\u00fcbertragen - siehe <em>i<\\\/em>.\",\"perma_option\":\"off\",\"language\":\"de\",\"referrer_track\":\"\"},\"gplus\":{\"status\":\"on\",\"txt_info\":\"2 Klicks f\\u00fcr mehr Datenschutz: Erst wenn Sie hier klicken, wird der Button aktiv und Sie k\\u00f6nnen Ihre Empfehlung an Google+ senden. Schon beim Aktivieren werden Daten an Dritte \\u00fcbertragen - siehe <em>i<\\\/em>.\",\"perma_option\":\"off\",\"referrer_track\":\"\"}},\"txt_help\":\"Wenn Sie diese Felder durch einen Klick aktivieren, werden Informationen an Facebook, Twitter, Flattr, Xing, t3n, LinkedIn, Pinterest oder Google eventuell ins Ausland \\u00fcbertragen und unter Umst\\u00e4nden auch dort gespeichert. N\\u00e4heres erfahren Sie durch einen Klick auf das <em>i<\\\/em>.\",\"settings_perma\":\"Dauerhaft aktivieren und Daten\\u00fcber-tragung zustimmen:\",\"info_link\":\"http:\\\/\\\/www.heise.de\\\/ct\\\/artikel\\\/2-Klicks-fuer-mehr-Datenschutz-1333879.html\",\"uri\":\"https:\\\/\\\/nachdenken-in-muenchen.de\\\/?p=273\",\"post_id\":273,\"post_title_referrer_track\":\"Georg+Schramm+%C3%BCber+den+Krieg+Reich+gegen+Arm\",\"display_infobox\":\"on\"});}});\n\/* ]]> *\/<\/script><\/div>","protected":false},"excerpt":{"rendered":"<p>Georg Schramm referierte auf einer Veranstaltung der GLS Bank im Juni 2014 \u00fcber den Konflikt des 21. Jahrhunderts: den Krieg der Reichen gegen die Armen. F\u00fcr mich immer wieder beachtlich, wie Georg Schramm die Finger in die Wunde unserer Gesellschaft legt, n\u00e4mlich dass mit dem Neoliberalismus seit mehr als 30 Jahren die Umverteilung von unten [&hellip;]<\/p>\n","protected":false},"author":4,"featured_media":0,"comment_status":"open","ping_status":"open","sticky":false,"template":"","format":"standard","meta":{"jetpack_post_was_ever_published":false,"_jetpack_newsletter_access":"","_jetpack_dont_email_post_to_subs":false,"_jetpack_newsletter_tier_id":0,"_jetpack_memberships_contains_paywalled_content":false,"_jetpack_memberships_contains_paid_content":false,"footnotes":"","jetpack_publicize_message":"","jetpack_publicize_feature_enabled":true,"jetpack_social_post_already_shared":false,"jetpack_social_options":{"image_generator_settings":{"template":"highway","default_image_id":0,"font":"","enabled":false},"version":2}},"categories":[2,4],"tags":[75,108,133,176],"coauthors":[350],"class_list":["post-273","post","type-post","status-publish","format-standard","hentry","category-allgemeines","category-gesellschaft","tag-georg-schramm","tag-krieg","tag-neoliberalismus","tag-umverteilung"],"jetpack_publicize_connections":[],"jetpack_featured_media_url":"","jetpack_sharing_enabled":true,"jetpack_shortlink":"https:\/\/wp.me\/p4UEhA-4p","_links":{"self":[{"href":"https:\/\/nachdenken-in-muenchen.de\/index.php?rest_route=\/wp\/v2\/posts\/273","targetHints":{"allow":["GET"]}}],"collection":[{"href":"https:\/\/nachdenken-in-muenchen.de\/index.php?rest_route=\/wp\/v2\/posts"}],"about":[{"href":"https:\/\/nachdenken-in-muenchen.de\/index.php?rest_route=\/wp\/v2\/types\/post"}],"author":[{"embeddable":true,"href":"https:\/\/nachdenken-in-muenchen.de\/index.php?rest_route=\/wp\/v2\/users\/4"}],"replies":[{"embeddable":true,"href":"https:\/\/nachdenken-in-muenchen.de\/index.php?rest_route=%2Fwp%2Fv2%2Fcomments&post=273"}],"version-history":[{"count":0,"href":"https:\/\/nachdenken-in-muenchen.de\/index.php?rest_route=\/wp\/v2\/posts\/273\/revisions"}],"wp:attachment":[{"href":"https:\/\/nachdenken-in-muenchen.de\/index.php?rest_route=%2Fwp%2Fv2%2Fmedia&parent=273"}],"wp:term":[{"taxonomy":"category","embeddable":true,"href":"https:\/\/nachdenken-in-muenchen.de\/index.php?rest_route=%2Fwp%2Fv2%2Fcategories&post=273"},{"taxonomy":"post_tag","embeddable":true,"href":"https:\/\/nachdenken-in-muenchen.de\/index.php?rest_route=%2Fwp%2Fv2%2Ftags&post=273"},{"taxonomy":"author","embeddable":true,"href":"https:\/\/nachdenken-in-muenchen.de\/index.php?rest_route=%2Fwp%2Fv2%2Fcoauthors&post=273"}],"curies":[{"name":"wp","href":"https:\/\/api.w.org\/{rel}","templated":true}]}}