{"id":242,"date":"2014-07-07T19:33:42","date_gmt":"2014-07-07T18:33:42","guid":{"rendered":"http:\/\/nachdenken-in-muenchen.de\/?p=242"},"modified":"2014-07-07T19:33:42","modified_gmt":"2014-07-07T18:33:42","slug":"ist-wohlstand-ohne-wachstum-moeglich","status":"publish","type":"post","link":"https:\/\/nachdenken-in-muenchen.de\/?p=242","title":{"rendered":"Ist Wohlstand ohne Wachstum m\u00f6glich?"},"content":{"rendered":"<p>Am vergangenen Samstag bin ich im DGB-Haus gewesen. Das <a title=\"isw M\u00fcnchen\" href=\"http:\/\/isw-muenchen.de\/\" target=\"_blank\">isw \u2013 Institut f\u00fcr sozial-\u00f6kologische Wirtschaftsforschung e.V.<\/a> hatte eingeladen:\u00a0 Ist Wohlstand ohne Wachstum m\u00f6glich? Aus dem Veranstaltungsflyer:<\/p>\n<blockquote><p>Im Kapitalismus gelten nur Werte, die auf dem Markt in Geld verwandelt werden k\u00f6nnen. Deshalb stehen die Profitinteressen \u00fcber denen der vern\u00fcnftigen Reproduktion von Mensch und Natur. In der kapitalistisch-fossilistischen Produktions- und Lebensweise dominiert in krisenhaften Spr\u00fcngen ein Wachstum, das vor allem von den transnationalen Konzernen des Energie- und Verkehrssektors und der Finanzindustrie dominiert wird. Gute Arbeit, gutes Klima, Gesundheit sind immer weniger zu bekommen. Auch der Frieden wird angesichts der globalen Jagd nach Ressourcen und der Kontrolle der Verkehrswege zu einem immer zerbrechlicheren Gut. Wir m\u00fcssen unsere Lebensweise \u00e4ndern, wenn wir menschlich \u00fcberleben wollen.<\/p><\/blockquote>\n<p>Sehr interessant war das Eingangsreferat von Prof. Ulrich Brand (Uni Wien): &#8220;Mensch und Natur verlangen die Wachstumsbremse&#8221;. Brand ist Mitglied des Kuratoriums des <a title=\"Institut Solidarische Moderne (ISM)\" href=\"http:\/\/www.solidarische-moderne.de\/\" target=\"_blank\">Instituts Solidarische Moderne<\/a>, eines Instituts, das sich als Programmwerkstatt f\u00fcr linke Politikkonzepte versteht und dies nicht nur parteipolitisch versteht, aber sicher eine wichtige Rolle f\u00fcr ein Rot-Rot-Gr\u00fcnes Projekt auf Bundesebene spielen kann.<!--more--><\/p>\n<p>Prof. Ulrich Brand ist Sachverst\u00e4ndiger der Enquete-Kommission <a title=\"Enquete-Kommission &quot;Wachstum, Wohlstand, Lebensqualit\u00e4t - Wege zu nachhaltigem Wirtschaften und gesellschaftlichem Fortschritt in der Sozialen Marktwirtschaft&quot;\" href=\"http:\/\/webarchiv.bundestag.de\/archive\/2013\/1212\/bundestag\/gremien\/enquete\/wachstum\/index.html\" target=\"_blank\">&#8220;Wachstum, Wohlstand, Lebensqualit\u00e4t &#8211; Wege zu nachhaltigem Wirtschaften und gesellschaftlichem Fortschritt in der Sozialen Marktwirtschaft&#8221;<\/a> gewesen, die 2013 ihren <a title=\"Schlussbericht\" href=\"http:\/\/dip21.bundestag.de\/dip21\/btd\/17\/133\/1713300.pdf\" target=\"_blank\">Abschlussbericht<\/a> vorgelegt hat.<\/p>\n<p>Einen Einblick in seine Thesen gab er bei dem Vortrag am 10.3.2014 im Wissensturm Linz im Rahmen der Vortragsreihe &#8220;Wachstum wohin&#8221;:<\/p>\n<p><iframe loading=\"lazy\" src=\"\/\/www.youtube.com\/embed\/g5VUAENIGxY\" width=\"420\" height=\"315\" frameborder=\"0\" allowfullscreen=\"allowfullscreen\"><\/iframe><\/p>\n<p>Die Konzentration auf den Begriff Wachstum ist schon verkehrt. Es geht nicht um die simple Frage des Weniger, der Reduktion (was im Ressourcenverbrauch allerdings dringend notwendig ist), es geht auch nicht um &#8220;gr\u00fcnes Wachstum&#8221;, den &#8220;Green New Deal&#8221;, wenn wir aus der Falle raus wollen. Gerade Wachstum, was wir in der Nachkriegszeit als Stabilit\u00e4tsfaktor erlebt haben, wird zunehmend zur Gefahr. Ulrich Brand pl\u00e4diert daf\u00fcr, stattdessen \u00fcber Fortschritt und Wohlstand nachzudenken und daf\u00fcr konkrete Ziele in einem demokratischen Prozess zu definieren.<\/p>\n<p>Wesentliche Erkenntnis f\u00fcr mich: wir m\u00fcssen radikal umdenken und umlenken, um uns und unseren Kindern ein gutes Leben zu erm\u00f6glichen. Wo brauchen wir noch Wachstum? Und wenn ja, wozu? Wo brauchen wir es nicht mehr (Stichwort Extraktivismus), wo d\u00fcrfen wir es (uns) nicht mehr erlauben und vor allem, wie k\u00f6nnen wir dies sozial und demokratisch gestalten?<\/p>\n<p>&nbsp;<\/p>\n<p class=\"wpf_wrapper\"><a class=\"print_link\" href=\"\" target=\"_blank\">Drucken<\/a><\/p><!-- .wpf_wrapper --><div class=\"twoclick_social_bookmarks_post_242 social_share_privacy clearfix 1.6.4 locale-de_DE sprite-de_DE\"><\/div><div class=\"twoclick-js\"><script type=\"text\/javascript\">\/* <![CDATA[ *\/\njQuery(document).ready(function($){if($('.twoclick_social_bookmarks_post_242')){$('.twoclick_social_bookmarks_post_242').socialSharePrivacy({\"services\":{\"facebook\":{\"status\":\"on\",\"txt_info\":\"2 Klicks f\\u00fcr mehr Datenschutz: Erst wenn Sie hier klicken, wird der Button aktiv und Sie k\\u00f6nnen Ihre Empfehlung an Facebook senden. Schon beim Aktivieren werden Daten an Dritte \\u00fcbertragen - siehe <em>i<\\\/em>.\",\"perma_option\":\"off\",\"action\":\"recommend\",\"language\":\"de_DE\"},\"twitter\":{\"reply_to\":\"\",\"tweet_text\":\"%20Ist%20Wohlstand%20ohne%20Wachstum%20m%C3%B6glich%3F%20%C2%BB%20Nachdenken%20in%20M%C3%BCnchen%20...\",\"status\":\"on\",\"txt_info\":\"2 Klicks f\\u00fcr mehr Datenschutz: Erst wenn Sie hier klicken, wird der Button aktiv und Sie k\\u00f6nnen Ihre Empfehlung an Twitter senden. Schon beim Aktivieren werden Daten an Dritte \\u00fcbertragen - siehe <em>i<\\\/em>.\",\"perma_option\":\"off\",\"language\":\"de\",\"referrer_track\":\"\"},\"gplus\":{\"status\":\"on\",\"txt_info\":\"2 Klicks f\\u00fcr mehr Datenschutz: Erst wenn Sie hier klicken, wird der Button aktiv und Sie k\\u00f6nnen Ihre Empfehlung an Google+ senden. Schon beim Aktivieren werden Daten an Dritte \\u00fcbertragen - siehe <em>i<\\\/em>.\",\"perma_option\":\"off\",\"referrer_track\":\"\"}},\"txt_help\":\"Wenn Sie diese Felder durch einen Klick aktivieren, werden Informationen an Facebook, Twitter, Flattr, Xing, t3n, LinkedIn, Pinterest oder Google eventuell ins Ausland \\u00fcbertragen und unter Umst\\u00e4nden auch dort gespeichert. N\\u00e4heres erfahren Sie durch einen Klick auf das <em>i<\\\/em>.\",\"settings_perma\":\"Dauerhaft aktivieren und Daten\\u00fcber-tragung zustimmen:\",\"info_link\":\"http:\\\/\\\/www.heise.de\\\/ct\\\/artikel\\\/2-Klicks-fuer-mehr-Datenschutz-1333879.html\",\"uri\":\"https:\\\/\\\/nachdenken-in-muenchen.de\\\/?p=242\",\"post_id\":242,\"post_title_referrer_track\":\"Ist+Wohlstand+ohne+Wachstum+m%C3%B6glich%3F\",\"display_infobox\":\"on\"});}});\n\/* ]]> *\/<\/script><\/div>","protected":false},"excerpt":{"rendered":"<p>Am vergangenen Samstag bin ich im DGB-Haus gewesen. Das isw \u2013 Institut f\u00fcr sozial-\u00f6kologische Wirtschaftsforschung e.V. hatte eingeladen:\u00a0 Ist Wohlstand ohne Wachstum m\u00f6glich? Aus dem Veranstaltungsflyer: Im Kapitalismus gelten nur Werte, die auf dem Markt in Geld verwandelt werden k\u00f6nnen. Deshalb stehen die Profitinteressen \u00fcber denen der vern\u00fcnftigen Reproduktion von Mensch und Natur. In der [&hellip;]<\/p>\n","protected":false},"author":4,"featured_media":0,"comment_status":"open","ping_status":"open","sticky":false,"template":"","format":"standard","meta":{"jetpack_post_was_ever_published":false,"_jetpack_newsletter_access":"","_jetpack_dont_email_post_to_subs":false,"_jetpack_newsletter_tier_id":0,"_jetpack_memberships_contains_paywalled_content":false,"_jetpack_memberships_contains_paid_content":false,"footnotes":"","jetpack_publicize_message":"","jetpack_publicize_feature_enabled":true,"jetpack_social_post_already_shared":false,"jetpack_social_options":{"image_generator_settings":{"template":"highway","default_image_id":0,"font":"","enabled":false},"version":2}},"categories":[2,8],"tags":[99,148,189,198],"coauthors":[],"class_list":["post-242","post","type-post","status-publish","format-standard","hentry","category-allgemeines","category-volkswirtschaft","tag-kapitalismus","tag-ressourcen","tag-wachstum","tag-wohlstand"],"jetpack_publicize_connections":[],"jetpack_featured_media_url":"","jetpack_sharing_enabled":true,"jetpack_shortlink":"https:\/\/wp.me\/p4UEhA-3U","_links":{"self":[{"href":"https:\/\/nachdenken-in-muenchen.de\/index.php?rest_route=\/wp\/v2\/posts\/242","targetHints":{"allow":["GET"]}}],"collection":[{"href":"https:\/\/nachdenken-in-muenchen.de\/index.php?rest_route=\/wp\/v2\/posts"}],"about":[{"href":"https:\/\/nachdenken-in-muenchen.de\/index.php?rest_route=\/wp\/v2\/types\/post"}],"author":[{"embeddable":true,"href":"https:\/\/nachdenken-in-muenchen.de\/index.php?rest_route=\/wp\/v2\/users\/4"}],"replies":[{"embeddable":true,"href":"https:\/\/nachdenken-in-muenchen.de\/index.php?rest_route=%2Fwp%2Fv2%2Fcomments&post=242"}],"version-history":[{"count":0,"href":"https:\/\/nachdenken-in-muenchen.de\/index.php?rest_route=\/wp\/v2\/posts\/242\/revisions"}],"wp:attachment":[{"href":"https:\/\/nachdenken-in-muenchen.de\/index.php?rest_route=%2Fwp%2Fv2%2Fmedia&parent=242"}],"wp:term":[{"taxonomy":"category","embeddable":true,"href":"https:\/\/nachdenken-in-muenchen.de\/index.php?rest_route=%2Fwp%2Fv2%2Fcategories&post=242"},{"taxonomy":"post_tag","embeddable":true,"href":"https:\/\/nachdenken-in-muenchen.de\/index.php?rest_route=%2Fwp%2Fv2%2Ftags&post=242"},{"taxonomy":"author","embeddable":true,"href":"https:\/\/nachdenken-in-muenchen.de\/index.php?rest_route=%2Fwp%2Fv2%2Fcoauthors&post=242"}],"curies":[{"name":"wp","href":"https:\/\/api.w.org\/{rel}","templated":true}]}}