{"id":2102,"date":"2015-06-05T14:11:36","date_gmt":"2015-06-05T13:11:36","guid":{"rendered":"http:\/\/nachdenken-in-muenchen.de\/?p=2102"},"modified":"2019-06-02T18:49:11","modified_gmt":"2019-06-02T16:49:11","slug":"mehr-geld-fuer-erzieherinnen-und-sozialpaedagoginnen-gesellschaftlich-erforderlich","status":"publish","type":"post","link":"https:\/\/nachdenken-in-muenchen.de\/?p=2102","title":{"rendered":"Mehr Geld f\u00fcr Erzieherinnen und Sozialp\u00e4dagoginnen gesellschaftlich erforderlich"},"content":{"rendered":"<div style=\"width: 490px\" class=\"wp-caption alignnone\"><a href=\"http:\/\/3.bp.blogspot.com\/-ivpxXYgOstc\/VVpCZI_HUYI\/AAAAAAAADrI\/AxQ_xtQ9fh8\/s1600\/DSC_0366.jpg\"><img loading=\"lazy\" decoding=\"async\" src=\"http:\/\/3.bp.blogspot.com\/-ivpxXYgOstc\/VVpCZI_HUYI\/AAAAAAAADrI\/AxQ_xtQ9fh8\/s1600\/DSC_0366.jpg\" alt=\"\" width=\"480\" height=\"270\" \/><\/a><p class=\"wp-caption-text\">Streikdemo am 18.05.2015 in M\u00fcnchen<\/p><\/div>\n<p>Jetzt ist die Schlichtung vereinbart, der Streik in st\u00e4dtischen Kitas, den Jugend\u00e4mtern wird f\u00fcr zwei Wochen ausgesetzt. Der berechtigten Forderung von ver.di, die Berufe aufzuwerten, haben die kommunalen Arbeitgeber kein substanzielles Angebot gegen\u00fcbergestellt.<\/p>\n<p>In einem <a title=\"&quot;Kinder haben keine Lobby&quot;\" href=\"http:\/\/www.sueddeutsche.de\/politik\/psychologe-wassilios-fthenakis-kinder-haben-keine-lobby-1.2502425\" target=\"_blank\">Interview mit der S\u00fcddeutschen Zeitung<\/a> sagt <b>Wassilios Fthenakis<\/b>, Leiter des Instituts f\u00fcr Fr\u00fchp\u00e4dagogik in M\u00fcnchen auf die Frage, ob er die Forderungen f\u00fcr berechtigt h\u00e4lt:<\/p>\n<blockquote><p>Nat\u00fcrlich, ich verstehe sie au\u00dferordentlich gut. Sie tragen eine enorme Last. Ich habe in diesem Jahr wieder in mehreren Kinderg\u00e4rten hospitiert, und ich bewundere jede Fachkraft, die diese Belastungen\u00a0aush\u00e4lt. (&#8230;)<br \/>\nDie Einrichtungen sind unterfinanziert und unterbesetzt, hinzu kommt der gestiegene Verwaltungsaufwand. Zus\u00e4tzlich bringen auch die Kinder mehr Herausforderungen mit: Scheidungen, Armut, Migrationshintergrund. In einer Kita in Hannover zum Beispiel kommen heute \u00fcber <span class=\"nowrap\">50<\/span> Prozent der Kinder aus Migrantenfamilien. Dann wird zus\u00e4tzliche sprachliche F\u00f6rderung n\u00f6tig, und darauf sind viele Erzieher nicht ausreichend\u00a0vorbereitet.<\/p><\/blockquote>\n<p><!--more--><\/p>\n<p>In diesem Interview macht er auch deutlich, wer letztlich hier in der Verantwortung steht:<\/p>\n<blockquote><p>Die eigentlich Verantwortlichen f\u00fcr diese Misere sitzen gar nicht mit am Tisch. Denn verantwortlich ist die Politik. Deutschland investiert nur <span class=\"nowrap\">0,65<\/span> Prozent des Bruttoinlandsprodukts in fr\u00fchkindliche Bildung. Die OECD empfiehlt Investitionen von mindestens einem Prozent des Bruttoinlandsproduktes, Schweden investiert sogar mehr als zwei Prozent. Wir haben hier ein systemimmanentes Problem. Schwache Menschen in der Gesellschaft werden offenbar nicht genauso wertgesch\u00e4tzt wie die starken Teile der Gesellschaft.<\/p><\/blockquote>\n<p>Das hei\u00dft, die Verhandlungsf\u00fchrung der Arbeitgeber unter Thomas B\u00f6hle, dem Personalreferenten der Stadt M\u00fcnchen, m\u00fcsste sich an die Bundesfamilienministerin Manuela Schwesig wenden und sie beim Wort nehmen, hat sie doch eine bessere Bezahlung der Erzieherinnen und Kinderpflegerinnen gefordert:<\/p>\n<blockquote><p>&#8220;Wir m\u00fcssen langfristig die L\u00f6hne der Erzieherinnen und Erzieher auf das Niveau von Grundschullehrern anheben&#8221;, sagte Schwesig. Allerdings werde man einen solchen Gehaltssprung nicht mit einem Mal schaffen. Zugleich sagte sie, die Betreuung von Kleinkindern habe deutlich mehr Wertsch\u00e4tzung verdient.<br \/>\nQuelle: <a href=\"http:\/\/www.zeit.de\/politik\/deutschland\/2015-04\/schwesig-familien-ministerium-verdi-erzieher-erzieherinnen-lohn\" target=\"_blank\">Zeit online<\/a><\/p><\/blockquote>\n<p>Eine alleinerziehende Kinderpflegerin, die 30 Stunden arbeitet und zwei Kinder hat, geht bei vier Jahren Berufserfahrung nach dem derzeitigen Tarifvertrag mit <a title=\"Gehaltsrechner f\u00fcr den \u00d6ffentlichen Dienst\" href=\"http:\/\/oeffentlicher-dienst.info\/c\/t\/rechner\/tvoed\/sue?id=tvoed-sue-2015&amp;g=S_3&amp;s=3&amp;zv=ZVK-BY&amp;z=76%2C9&amp;zulage=&amp;stj=2015&amp;stkl=2&amp;r=0&amp;zkf=2&amp;kk=15.5%25\" target=\"_blank\">1.336 \u20ac netto<\/a> nach Hause. Mit Kindergeld kommt sie auf 1.704 \u20ac, bekommt sie den Mindestunterhalt nach der D\u00fcsseldorfer Tabelle kommt sie &#8211; je nach Alter der Kinder auf ein verf\u00fcgbares Familieneinkommen von vielleicht 2.100 \u20ac. \u00dcbrigens: in M\u00fcnchen gruppiert die Stadt eine Entgeltgruppe h\u00f6her ein und es gibt zudem die M\u00fcnchen Zulage, das macht ca. 150 \u20ac netto mehr aus, aber daf\u00fcr sind die Mieten auch deutlich h\u00f6her. Das schwankt alles an der Armutsgrenze in Deutschland. Wom\u00f6glich hat eine solche Kinderpflegerin zudem einen <a title=\"Nachgerechnet: Mindestlohn in M\u00fcnchen\" href=\"http:\/\/nachdenken-in-muenchen.de\/?p=1154\">Anspruch auf Mietkostenzuschuss<\/a> nach dem SGB II, den zu einem gro\u00dfen Teil die Kommune zahlen muss.<\/p>\n<p>Eine gute L\u00f6sung, die bei der notwendigen Aufwertung der Besch\u00e4ftigten die vielen Kommunen mit erheblichen finanziellen Problemen entlastet, ist notwendig. Die Kommunen m\u00fcssen also vom Bund durch eine andere Verteilung der Steuereinnahmen in die Lage versetzt werden, bessere Geh\u00e4lter und bessere Personalschl\u00fcssel bezahlen zu k\u00f6nnen. Denn Gruppen m\u00fcssen mehr Personal bekommen und kleiner werden k\u00f6nnen, damit eine bessere fr\u00fchkindliche F\u00f6rderung und Bildung m\u00f6glich ist.<\/p>\n<p>Dann w\u00e4re der Tarifkonflikt schnell zu l\u00f6sen. Nur: offensichtlich haben die kommunalen Arbeitgeber wom\u00f6glich obendrein Angst vor der \u00d6ffnung der B\u00fcchse der Pandora. Die Einf\u00fchrung der Arbeitsmarktzulage in M\u00fcnchen allein f\u00fcr ErzieherInnen in Kitas und Horten haben ja schon sehr viel Unmut erzeugt. Die Kinderpflegerinnen sind leer ausgegangen, die Besch\u00e4ftigten in der Kranken-und Altenpflege fragen zu Recht: warum bekommen wir nicht mehr? Die <a title=\"Gesundheitsberufe aufwerten - &quot;Pflege3000&quot;\" href=\"http:\/\/gesundheit-soziales.verdi.de\/berufe\/pflegeberufe\/++co++509f910e-a634-11e4-8317-525400a933ef\" target=\"_blank\">Gewerkschaft ver.di<\/a> fordert ja schon l\u00e4nger, dass eine examinierte Fachkraft mindestens 3.000 \u20ac brutto verdienen muss.<\/p>\n<p>Dieser Tarifkonflikt ist also auch daf\u00fcr wichtig und notwendig, dass die Debatte \u00fcber den gesellschaftlichen Wert der Arbeit in allen sozialen Dienstleistungsberufen endlich offen und breit gef\u00fchrt wird. Es geht hierbei um nicht weniger als um den Zusammenhalt und die Zukunftsf\u00e4higkeit unseres Landes.<\/p>\n<p><small>Bildquelle: <a href=\"http:\/\/www.caritas-verdi.blogspot.de\/2015\/05\/impressionen-von-der-demo-in-munchen-18.html\" target=\"_blank\">Infoblog f\u00fcr Verdi-Betriebsgruppen in Caritas-Einrichtungen &amp; Interessierte<\/a><\/small><\/p>\n<a href=\"https:\/\/nachdenken-in-muenchen.de\/?p=2102&amp;wp_email_popup=1\" onclick=\"email_popup(this.href); return false;\"  title=\"Beitrag versenden\" rel=\"nofollow\">Beitrag versenden<\/a>\n<p class=\"wpf_wrapper\"><a class=\"print_link\" href=\"\" target=\"_blank\">Drucken<\/a><\/p><!-- .wpf_wrapper --><div class=\"twoclick_social_bookmarks_post_2102 social_share_privacy clearfix 1.6.4 locale-de_DE sprite-de_DE\"><\/div><div class=\"twoclick-js\"><script type=\"text\/javascript\">\/* <![CDATA[ *\/\njQuery(document).ready(function($){if($('.twoclick_social_bookmarks_post_2102')){$('.twoclick_social_bookmarks_post_2102').socialSharePrivacy({\"services\":{\"facebook\":{\"status\":\"on\",\"txt_info\":\"2 Klicks f\\u00fcr mehr Datenschutz: Erst wenn Sie hier klicken, wird der Button aktiv und Sie k\\u00f6nnen Ihre Empfehlung an Facebook senden. Schon beim Aktivieren werden Daten an Dritte \\u00fcbertragen - siehe <em>i<\\\/em>.\",\"perma_option\":\"off\",\"action\":\"recommend\",\"language\":\"de_DE\"},\"twitter\":{\"reply_to\":\"\",\"tweet_text\":\"%20Mehr%20Geld%20f%C3%BCr%20Erzieherinnen%20und%20Sozialp%C3%A4dagoginnen%20gesellschaftlich%20erforderlich%20...\",\"status\":\"on\",\"txt_info\":\"2 Klicks f\\u00fcr mehr Datenschutz: Erst wenn Sie hier klicken, wird der Button aktiv und Sie k\\u00f6nnen Ihre Empfehlung an Twitter senden. Schon beim Aktivieren werden Daten an Dritte \\u00fcbertragen - siehe <em>i<\\\/em>.\",\"perma_option\":\"off\",\"language\":\"de\",\"referrer_track\":\"\"},\"gplus\":{\"status\":\"on\",\"txt_info\":\"2 Klicks f\\u00fcr mehr Datenschutz: Erst wenn Sie hier klicken, wird der Button aktiv und Sie k\\u00f6nnen Ihre Empfehlung an Google+ senden. Schon beim Aktivieren werden Daten an Dritte \\u00fcbertragen - siehe <em>i<\\\/em>.\",\"perma_option\":\"off\",\"referrer_track\":\"\"}},\"txt_help\":\"Wenn Sie diese Felder durch einen Klick aktivieren, werden Informationen an Facebook, Twitter, Flattr, Xing, t3n, LinkedIn, Pinterest oder Google eventuell ins Ausland \\u00fcbertragen und unter Umst\\u00e4nden auch dort gespeichert. N\\u00e4heres erfahren Sie durch einen Klick auf das <em>i<\\\/em>.\",\"settings_perma\":\"Dauerhaft aktivieren und Daten\\u00fcber-tragung zustimmen:\",\"info_link\":\"http:\\\/\\\/www.heise.de\\\/ct\\\/artikel\\\/2-Klicks-fuer-mehr-Datenschutz-1333879.html\",\"uri\":\"https:\\\/\\\/nachdenken-in-muenchen.de\\\/?p=2102\",\"post_id\":2102,\"post_title_referrer_track\":\"Mehr+Geld+f%C3%BCr+Erzieherinnen+und+Sozialp%C3%A4dagoginnen+gesellschaftlich+erforderlich\",\"display_infobox\":\"on\"});}});\n\/* ]]> *\/<\/script><\/div>","protected":false},"excerpt":{"rendered":"<p>Jetzt ist die Schlichtung vereinbart, der Streik in st\u00e4dtischen Kitas, den Jugend\u00e4mtern wird f\u00fcr zwei Wochen ausgesetzt. Der berechtigten Forderung von ver.di, die Berufe aufzuwerten, haben die kommunalen Arbeitgeber kein substanzielles Angebot gegen\u00fcbergestellt. In einem Interview mit der S\u00fcddeutschen Zeitung sagt Wassilios Fthenakis, Leiter des Instituts f\u00fcr Fr\u00fchp\u00e4dagogik in M\u00fcnchen auf die Frage, ob er [&hellip;]<\/p>\n","protected":false},"author":4,"featured_media":0,"comment_status":"open","ping_status":"open","sticky":false,"template":"","format":"standard","meta":{"jetpack_post_was_ever_published":false,"_jetpack_newsletter_access":"","_jetpack_dont_email_post_to_subs":false,"_jetpack_newsletter_tier_id":0,"_jetpack_memberships_contains_paywalled_content":false,"_jetpack_memberships_contains_paid_content":false,"footnotes":"","jetpack_publicize_message":"","jetpack_publicize_feature_enabled":true,"jetpack_social_post_already_shared":true,"jetpack_social_options":{"image_generator_settings":{"template":"highway","default_image_id":0,"font":"","enabled":false},"version":2}},"categories":[545,6,7],"tags":[34,128,163,167,180,204],"coauthors":[350],"class_list":["post-2102","post","type-post","status-publish","format-standard","hentry","category-gewerkschaften","category-muenchen-und-umgebung","category-sozialpolitik","tag-bildungsausgaben","tag-muenchen","tag-streik","tag-tarifvertrag","tag-ver-di","tag-zukunft"],"jetpack_publicize_connections":[],"jetpack_featured_media_url":"","jetpack_sharing_enabled":true,"jetpack_shortlink":"https:\/\/wp.me\/p4UEhA-xU","_links":{"self":[{"href":"https:\/\/nachdenken-in-muenchen.de\/index.php?rest_route=\/wp\/v2\/posts\/2102","targetHints":{"allow":["GET"]}}],"collection":[{"href":"https:\/\/nachdenken-in-muenchen.de\/index.php?rest_route=\/wp\/v2\/posts"}],"about":[{"href":"https:\/\/nachdenken-in-muenchen.de\/index.php?rest_route=\/wp\/v2\/types\/post"}],"author":[{"embeddable":true,"href":"https:\/\/nachdenken-in-muenchen.de\/index.php?rest_route=\/wp\/v2\/users\/4"}],"replies":[{"embeddable":true,"href":"https:\/\/nachdenken-in-muenchen.de\/index.php?rest_route=%2Fwp%2Fv2%2Fcomments&post=2102"}],"version-history":[{"count":0,"href":"https:\/\/nachdenken-in-muenchen.de\/index.php?rest_route=\/wp\/v2\/posts\/2102\/revisions"}],"wp:attachment":[{"href":"https:\/\/nachdenken-in-muenchen.de\/index.php?rest_route=%2Fwp%2Fv2%2Fmedia&parent=2102"}],"wp:term":[{"taxonomy":"category","embeddable":true,"href":"https:\/\/nachdenken-in-muenchen.de\/index.php?rest_route=%2Fwp%2Fv2%2Fcategories&post=2102"},{"taxonomy":"post_tag","embeddable":true,"href":"https:\/\/nachdenken-in-muenchen.de\/index.php?rest_route=%2Fwp%2Fv2%2Ftags&post=2102"},{"taxonomy":"author","embeddable":true,"href":"https:\/\/nachdenken-in-muenchen.de\/index.php?rest_route=%2Fwp%2Fv2%2Fcoauthors&post=2102"}],"curies":[{"name":"wp","href":"https:\/\/api.w.org\/{rel}","templated":true}]}}