{"id":2046,"date":"2015-05-17T08:41:58","date_gmt":"2015-05-17T07:41:58","guid":{"rendered":"http:\/\/nachdenken-in-muenchen.de\/?p=2046"},"modified":"2015-05-17T08:41:58","modified_gmt":"2015-05-17T07:41:58","slug":"kapitalismus-in-der-wachstumsfalle","status":"publish","type":"post","link":"https:\/\/nachdenken-in-muenchen.de\/?p=2046","title":{"rendered":"Kapitalismus in der Wachstumsfalle"},"content":{"rendered":"<div style=\"width: 490px\" class=\"wp-caption alignnone\"><a href=\"https:\/\/farm8.staticflickr.com\/7193\/6936251931_157393002a_b.jpg\"><img loading=\"lazy\" decoding=\"async\" src=\"https:\/\/farm8.staticflickr.com\/7193\/6936251931_157393002a_b.jpg\" alt=\"\" width=\"480\" height=\"192\" \/><\/a><p class=\"wp-caption-text\">Foto: Johannes Ortner<\/p><\/div>\n<p>Erst heute bin ich auf einen interessanten Artikel von Ulrike Herrmann, Wirtschaftsredakteurin der taz, in der April-Ausgabe von Le Monde diplomatique gesto\u00dfen: \u201e<a href=\"http:\/\/www.monde-diplomatique.de\/pm\/2015\/04\/10.mondeText1.artikel,a0016.idx,5\" target=\"_blank\">\u00dcber das Ende des Kapitalismus<\/a>\u201c. Schon mit dem Einstieg macht sie deutlich, in welchem derzeit unaufl\u00f6sbaren Dilemma wir feststecken.<\/p>\n<blockquote><p>Der Kapitalismus ist zum Untergang verdammt. Er ben\u00f6tigt Wachstum, aber in einer endlichen Welt kann es unendliches Wachstum nicht geben. Viele Kapitalismuskritiker frohlocken, sobald sie diese Prognose h\u00f6ren, doch darf man sich das Ende nicht friedlich vorstellen. Der Kapitalismus wird chaotisch und brutal zusammenbrechen \u2013 nach allem, was man bisher wei\u00df.<\/p><\/blockquote>\n<p>Die Energieeinsparungen der letzten Jahrzehnte haben sich aufgrund des \u201eRebound Effect\u201c in der Summe nicht positiv ausgewirkt, unser Energieverbrauch ist durch mehr Konsum gestiegen. Herrmann beschreibt, warum uns all die vielen guten und sinnvollen Ans\u00e4tze wie nachhaltiges Wachstum, wie Grundeinkommen, wie Gemeinwohl\u00f6konomie nicht aus der Wachstumsfalle befreien. Viele Ideen setzen beim individuellen Handeln, auf regionaler und lokaler Ebene an. Was fehlt, ist ein volkswirtschaftlich vern\u00fcnftiger Ansatz. <!--more--><\/p>\n<blockquote><p>Ohne Wachstum m\u00fcssen die Unternehmen also Verluste f\u00fcrchten. Sobald aber Profite ausbleiben, investieren die Unternehmen nicht mehr, und ohne Investitionen bricht die Wirtschaft zusammen. (&#8230;)<br \/>\nWenn man Wachstum verhindert, w\u00e4re der Kapitalismus zwar beendet, aber das Ergebnis w\u00e4re nicht jene \u00f6kologische Kreislaufwirtschaft, die sich Umweltsch\u00fctzer erhoffen. Es w\u00e4re eine Wirtschaft im freien Fall, die Panik erzeugt. Die Menschen ersch\u00fcttert es zutiefst, wenn sie ihren Arbeitsplatz und ihr Einkommen verlieren. Alle gro\u00dfen Wirtschaftskrisen waren ungemein gef\u00e4hrlich \u2013 auch f\u00fcr die Demokratie.<\/p><\/blockquote>\n<p>Also muss der Kapitalismus weiter wachsen und damit seine bzw. auch unsere Existenzgrundlage zerst\u00f6ren. Derzeit gibt es auch noch keinen Weg, wie wir auf eine \u00f6kologische Wirtschaft umstellen k\u00f6nnen, allein ein Flug nach New York produziert mehr CO<sub>2<\/sub> als wir pro Jahr und Kopf verbrauchen d\u00fcrfen, wenn wir den nachfolgenden Generationen, also auch unseren (!) Kindern eine lebenswerte Umwelt erhalten wollen.<br \/>\nDer Artikel von Ulrike Herrmann bietet keine L\u00f6sung an, sie ist, ohne dass es explizit gesagt wird, innerhalb des kapitalistischen Systems auch nicht zu finden. Das ist zumindest der einzige Schluss, der einem als Leser bleibt.<\/p>\n<blockquote><p>Der Kapitalismus erscheint wie ein Fluch. Er hat den Reichtum und den technischen Fortschritt erm\u00f6glicht, der es eigentlich erlauben w\u00fcrde, mit wenig Arbeit auszukommen. Aber stattdessen muss unverdrossen weiterproduziert werden, obwohl das in den Untergang f\u00fchrt.<br \/>\nIn dieser Zwangslage bleibt nur ein pragmatisches Trotzdem: trotzdem m\u00f6glichst wenig fliegen, trotzdem Abfall vermeiden, trotzdem auf Wind und Sonne setzen, trotzdem biologische Landwirtschaft betreiben. Aber man sollte sich nicht einbilden, dass dies rundum \u201egr\u00fcnes\u201c Wachstum ist. Wie man den Kapitalismus transformieren kann, ohne dass er chaotisch zusammenbricht \u2013 dies muss erst noch erforscht werden.<\/p><\/blockquote>\n<p>Lesenswert ist der Beitrag allemal, und wir m\u00fcssen in der Tat dar\u00fcber nachdenken, und dies vor allem gemeinsam, wie ein Entrinnen aus dieser Sackgasse, dieser Wachstumsfalle ohne das gro\u00dfe Chaos gelingen kann. Hilfreich, so denke ich, w\u00e4re zum Beispiel zu \u00fcberlegen, welche Bereiche der Grundversorgung, der Daseinsvorsorge nicht (mehr) kapitalistischen Marktbedingungen unterworfen werde d\u00fcrfen.<\/p>\n<p>Die Diskussion \u00fcber Alternativen ist dringend zu f\u00fchren, werden doch die Gestaltungsspielr\u00e4ume nicht zuletzt wegen Abkommen wie CETA und TTIP, wegen der Klimaver\u00e4nderungen, wegen der zunehmenden Entkoppelung der Wirtschaft von demokratischer Kontrolle immer geringer.<\/p>\n<p>Wir m\u00fcssen jetzt beginnen.<\/p>\n<p><small>Bildquelle: <a title=\"Johannes Ortner | Flickr\" href=\"https:\/\/www.flickr.com\/photos\/j_ortner\/\" target=\"_blank\">Johannes Ortner<\/a> \/ <a title=\"Creative Commons \u2014 Attribution-NonCommercial 2.0 Generic\" href=\"https:\/\/creativecommons.org\/licenses\/by-nc\/2.0\/\" target=\"_blank\">CC BY-NC 2.0<\/a><\/small><\/p>\n<a href=\"https:\/\/nachdenken-in-muenchen.de\/?p=2046&amp;wp_email_popup=1\" onclick=\"email_popup(this.href); return false;\"  title=\"Beitrag versenden\" rel=\"nofollow\">Beitrag versenden<\/a>\n<p class=\"wpf_wrapper\"><a class=\"print_link\" href=\"\" target=\"_blank\">Drucken<\/a><\/p><!-- .wpf_wrapper --><div class=\"twoclick_social_bookmarks_post_2046 social_share_privacy clearfix 1.6.4 locale-de_DE sprite-de_DE\"><\/div><div class=\"twoclick-js\"><script type=\"text\/javascript\">\/* <![CDATA[ *\/\njQuery(document).ready(function($){if($('.twoclick_social_bookmarks_post_2046')){$('.twoclick_social_bookmarks_post_2046').socialSharePrivacy({\"services\":{\"facebook\":{\"status\":\"on\",\"txt_info\":\"2 Klicks f\\u00fcr mehr Datenschutz: Erst wenn Sie hier klicken, wird der Button aktiv und Sie k\\u00f6nnen Ihre Empfehlung an Facebook senden. Schon beim Aktivieren werden Daten an Dritte \\u00fcbertragen - siehe <em>i<\\\/em>.\",\"perma_option\":\"off\",\"action\":\"recommend\",\"language\":\"de_DE\"},\"twitter\":{\"reply_to\":\"\",\"tweet_text\":\"%20Kapitalismus%20in%20der%20Wachstumsfalle%20%C2%BB%20Nachdenken%20in%20M%C3%BCnchen%20%23Alternativen%20...\",\"status\":\"on\",\"txt_info\":\"2 Klicks f\\u00fcr mehr Datenschutz: Erst wenn Sie hier klicken, wird der Button aktiv und Sie k\\u00f6nnen Ihre Empfehlung an Twitter senden. Schon beim Aktivieren werden Daten an Dritte \\u00fcbertragen - siehe <em>i<\\\/em>.\",\"perma_option\":\"off\",\"language\":\"de\",\"referrer_track\":\"\"},\"gplus\":{\"status\":\"on\",\"txt_info\":\"2 Klicks f\\u00fcr mehr Datenschutz: Erst wenn Sie hier klicken, wird der Button aktiv und Sie k\\u00f6nnen Ihre Empfehlung an Google+ senden. Schon beim Aktivieren werden Daten an Dritte \\u00fcbertragen - siehe <em>i<\\\/em>.\",\"perma_option\":\"off\",\"referrer_track\":\"\"}},\"txt_help\":\"Wenn Sie diese Felder durch einen Klick aktivieren, werden Informationen an Facebook, Twitter, Flattr, Xing, t3n, LinkedIn, Pinterest oder Google eventuell ins Ausland \\u00fcbertragen und unter Umst\\u00e4nden auch dort gespeichert. N\\u00e4heres erfahren Sie durch einen Klick auf das <em>i<\\\/em>.\",\"settings_perma\":\"Dauerhaft aktivieren und Daten\\u00fcber-tragung zustimmen:\",\"info_link\":\"http:\\\/\\\/www.heise.de\\\/ct\\\/artikel\\\/2-Klicks-fuer-mehr-Datenschutz-1333879.html\",\"uri\":\"https:\\\/\\\/nachdenken-in-muenchen.de\\\/?p=2046\",\"post_id\":2046,\"post_title_referrer_track\":\"Kapitalismus+in+der+Wachstumsfalle\",\"display_infobox\":\"on\"});}});\n\/* ]]> *\/<\/script><\/div>","protected":false},"excerpt":{"rendered":"<p>Erst heute bin ich auf einen interessanten Artikel von Ulrike Herrmann, Wirtschaftsredakteurin der taz, in der April-Ausgabe von Le Monde diplomatique gesto\u00dfen: \u201e\u00dcber das Ende des Kapitalismus\u201c. Schon mit dem Einstieg macht sie deutlich, in welchem derzeit unaufl\u00f6sbaren Dilemma wir feststecken. Der Kapitalismus ist zum Untergang verdammt. Er ben\u00f6tigt Wachstum, aber in einer endlichen Welt [&hellip;]<\/p>\n","protected":false},"author":4,"featured_media":0,"comment_status":"open","ping_status":"open","sticky":false,"template":"","format":"standard","meta":{"jetpack_post_was_ever_published":false,"_jetpack_newsletter_access":"","_jetpack_dont_email_post_to_subs":false,"_jetpack_newsletter_tier_id":0,"_jetpack_memberships_contains_paywalled_content":false,"_jetpack_memberships_contains_paid_content":false,"footnotes":"","jetpack_publicize_message":"","jetpack_publicize_feature_enabled":true,"jetpack_social_post_already_shared":true,"jetpack_social_options":{"image_generator_settings":{"template":"highway","default_image_id":0,"font":"","enabled":false},"version":2}},"categories":[4,8],"tags":[12,17,99,175,189],"coauthors":[],"class_list":["post-2046","post","type-post","status-publish","format-standard","hentry","category-gesellschaft","category-volkswirtschaft","tag-alternativen","tag-arbeitsplaetze","tag-kapitalismus","tag-ulrike-herrmann","tag-wachstum"],"jetpack_publicize_connections":[],"jetpack_featured_media_url":"","jetpack_sharing_enabled":true,"jetpack_shortlink":"https:\/\/wp.me\/p4UEhA-x0","_links":{"self":[{"href":"https:\/\/nachdenken-in-muenchen.de\/index.php?rest_route=\/wp\/v2\/posts\/2046","targetHints":{"allow":["GET"]}}],"collection":[{"href":"https:\/\/nachdenken-in-muenchen.de\/index.php?rest_route=\/wp\/v2\/posts"}],"about":[{"href":"https:\/\/nachdenken-in-muenchen.de\/index.php?rest_route=\/wp\/v2\/types\/post"}],"author":[{"embeddable":true,"href":"https:\/\/nachdenken-in-muenchen.de\/index.php?rest_route=\/wp\/v2\/users\/4"}],"replies":[{"embeddable":true,"href":"https:\/\/nachdenken-in-muenchen.de\/index.php?rest_route=%2Fwp%2Fv2%2Fcomments&post=2046"}],"version-history":[{"count":0,"href":"https:\/\/nachdenken-in-muenchen.de\/index.php?rest_route=\/wp\/v2\/posts\/2046\/revisions"}],"wp:attachment":[{"href":"https:\/\/nachdenken-in-muenchen.de\/index.php?rest_route=%2Fwp%2Fv2%2Fmedia&parent=2046"}],"wp:term":[{"taxonomy":"category","embeddable":true,"href":"https:\/\/nachdenken-in-muenchen.de\/index.php?rest_route=%2Fwp%2Fv2%2Fcategories&post=2046"},{"taxonomy":"post_tag","embeddable":true,"href":"https:\/\/nachdenken-in-muenchen.de\/index.php?rest_route=%2Fwp%2Fv2%2Ftags&post=2046"},{"taxonomy":"author","embeddable":true,"href":"https:\/\/nachdenken-in-muenchen.de\/index.php?rest_route=%2Fwp%2Fv2%2Fcoauthors&post=2046"}],"curies":[{"name":"wp","href":"https:\/\/api.w.org\/{rel}","templated":true}]}}