{"id":2003,"date":"2015-05-09T22:42:48","date_gmt":"2015-05-09T21:42:48","guid":{"rendered":"http:\/\/nachdenken-in-muenchen.de\/?p=2003"},"modified":"2015-05-09T22:42:48","modified_gmt":"2015-05-09T21:42:48","slug":"die-spd-stramm-auf-neoliberalem-kurs","status":"publish","type":"post","link":"https:\/\/nachdenken-in-muenchen.de\/?p=2003","title":{"rendered":"Die SPD stramm auf neoliberalem Kurs"},"content":{"rendered":"<div style=\"width: 529px\" class=\"wp-caption alignnone\"><a href=\"https:\/\/upload.wikimedia.org\/wikipedia\/commons\/2\/29\/Garching_Bundesautobahn_9.jpg\"><img loading=\"lazy\" decoding=\"async\" src=\"https:\/\/upload.wikimedia.org\/wikipedia\/commons\/2\/29\/Garching_Bundesautobahn_9.jpg\" alt=\"\" width=\"519\" height=\"346\" \/><\/a><p class=\"wp-caption-text\">Foto: Rl91<\/p><\/div>\n<p>Es ist schon erschreckend, wie wenig volks- und betriebswirtschaftlicher Sachverstand in den Spitzenleuten der Parteien vorhanden ist und wie wenig der gesunde Menschenverstand gefragt ist.<br \/>\nDas Traurige ist, dass die SPD hier noch mit schlechtem Beispiel vorangeht:<br \/>\nDa wird von sog. \u00d6PP (\u00d6ffentlich-Private-Partnerschaften) zur Finanzierung von Autobahnen geschw\u00e4rmt, obwohl der Bundesrechnungshof bei 5 von 6 bisherigen Projekten diese als nicht wirtschaftlich angesehen hat.<!--more--><br \/>\nEs w\u00e4re ein Leichtes, neue Kredite aufzunehmen, die man z. Zt. mit einem Zinssatz nahe 0 % bekommt, aber das geht ja nicht, weil unser Finanzminister die schwarze Null verteidigt und sich die Fessel Schuldenbremse angelegt hat.<br \/>\nUnd Steuererh\u00f6hungen gehen ja schon gar nicht weil das die Wahlchancen verschlechtert.<br \/>\nLieber garantiert man der Finanzwirtschaft Renditen von 5-7 % (von denen der normale Bankkunde nur tr\u00e4umen kann) f\u00fcr diese \u00d6PP\u00b4s, die nat\u00fcrlich aus unserem Steueraufkommen finanziert werden.<br \/>\nGabriel, Sch\u00e4uble und Dobrindt faseln dann etwas von neuen <a href=\"http:\/\/www.fr-online.de\/wirtschaft\/autobahnen-freie-fahrt-fuer-investoren,1472780,30572646.html\" target=\"_blank\">Gestaltungsspielr\u00e4umen <\/a>und gleichzeitig schl\u00e4gt die SPD Steuersenkungen (diesmal die sog. kalte Progression) vor, um ihre miserablen Umfragewerte zu verbessern und Herr Steinmeier biedert sich der deutschen Wirtschaft an und preist die bisherige Steuersenkungspolitik der SPD f\u00fcr die Unternehmen.<\/p>\n<p>Und das war mal eine Arbeiter- und Gewerkschaftspartei.<\/p>\n<p>Gerhard Dengler<\/p>\n<p><small>Bildquelle: <a title=\"User:Rl91\" href=\"https:\/\/commons.wikimedia.org\/wiki\/User:Rl91\" target=\"_blank\">Rl91<\/a> &#8211; <a href=\"https:\/\/commons.wikimedia.org\/wiki\/File:Garching_Bundesautobahn_9.jpg?uselang=de\" target=\"_blank\">Wikimedia<\/a> \/ <a title=\"Creative Commons \u2014 Namensnennung - Weitergabe unter gleichen Bedingungen 3.0 Unported\" href=\"https:\/\/creativecommons.org\/licenses\/by-sa\/3.0\/deed.de\" target=\"_blank\">CC BY-SA 3.0<br \/>\n<\/a><\/small><br \/>\n<a href=\"https:\/\/nachdenken-in-muenchen.de\/?p=2003&amp;wp_email_popup=1\" onclick=\"email_popup(this.href); return false;\"  title=\"Beitrag versenden\" rel=\"nofollow\">Beitrag versenden<\/a>\n<p class=\"wpf_wrapper\"><a class=\"print_link\" href=\"\" target=\"_blank\">Drucken<\/a><\/p><!-- .wpf_wrapper --><div class=\"twoclick_social_bookmarks_post_2003 social_share_privacy clearfix 1.6.4 locale-de_DE sprite-de_DE\"><\/div><div class=\"twoclick-js\"><script type=\"text\/javascript\">\/* <![CDATA[ *\/\njQuery(document).ready(function($){if($('.twoclick_social_bookmarks_post_2003')){$('.twoclick_social_bookmarks_post_2003').socialSharePrivacy({\"services\":{\"facebook\":{\"status\":\"on\",\"txt_info\":\"2 Klicks f\\u00fcr mehr Datenschutz: Erst wenn Sie hier klicken, wird der Button aktiv und Sie k\\u00f6nnen Ihre Empfehlung an Facebook senden. Schon beim Aktivieren werden Daten an Dritte \\u00fcbertragen - siehe <em>i<\\\/em>.\",\"perma_option\":\"off\",\"action\":\"recommend\",\"language\":\"de_DE\"},\"twitter\":{\"reply_to\":\"\",\"tweet_text\":\"%20Die%20SPD%20stramm%20auf%20neoliberalem%20Kurs%20%C2%BB%20Nachdenken%20in%20M%C3%BCnchen%20...\",\"status\":\"on\",\"txt_info\":\"2 Klicks f\\u00fcr mehr Datenschutz: Erst wenn Sie hier klicken, wird der Button aktiv und Sie k\\u00f6nnen Ihre Empfehlung an Twitter senden. Schon beim Aktivieren werden Daten an Dritte \\u00fcbertragen - siehe <em>i<\\\/em>.\",\"perma_option\":\"off\",\"language\":\"de\",\"referrer_track\":\"\"},\"gplus\":{\"status\":\"on\",\"txt_info\":\"2 Klicks f\\u00fcr mehr Datenschutz: Erst wenn Sie hier klicken, wird der Button aktiv und Sie k\\u00f6nnen Ihre Empfehlung an Google+ senden. Schon beim Aktivieren werden Daten an Dritte \\u00fcbertragen - siehe <em>i<\\\/em>.\",\"perma_option\":\"off\",\"referrer_track\":\"\"}},\"txt_help\":\"Wenn Sie diese Felder durch einen Klick aktivieren, werden Informationen an Facebook, Twitter, Flattr, Xing, t3n, LinkedIn, Pinterest oder Google eventuell ins Ausland \\u00fcbertragen und unter Umst\\u00e4nden auch dort gespeichert. N\\u00e4heres erfahren Sie durch einen Klick auf das <em>i<\\\/em>.\",\"settings_perma\":\"Dauerhaft aktivieren und Daten\\u00fcber-tragung zustimmen:\",\"info_link\":\"http:\\\/\\\/www.heise.de\\\/ct\\\/artikel\\\/2-Klicks-fuer-mehr-Datenschutz-1333879.html\",\"uri\":\"https:\\\/\\\/nachdenken-in-muenchen.de\\\/?p=2003\",\"post_id\":2003,\"post_title_referrer_track\":\"Die+SPD+stramm+auf+neoliberalem+Kurs\",\"display_infobox\":\"on\"});}});\n\/* ]]> *\/<\/script><\/div>","protected":false},"excerpt":{"rendered":"<p>Es ist schon erschreckend, wie wenig volks- und betriebswirtschaftlicher Sachverstand in den Spitzenleuten der Parteien vorhanden ist und wie wenig der gesunde Menschenverstand gefragt ist. Das Traurige ist, dass die SPD hier noch mit schlechtem Beispiel vorangeht: Da wird von sog. \u00d6PP (\u00d6ffentlich-Private-Partnerschaften) zur Finanzierung von Autobahnen geschw\u00e4rmt, obwohl der Bundesrechnungshof bei 5 von 6 [&hellip;]<\/p>\n","protected":false},"author":5,"featured_media":0,"comment_status":"open","ping_status":"open","sticky":false,"template":"","format":"standard","meta":{"jetpack_post_was_ever_published":false,"_jetpack_newsletter_access":"","_jetpack_dont_email_post_to_subs":false,"_jetpack_newsletter_tier_id":0,"_jetpack_memberships_contains_paywalled_content":false,"_jetpack_memberships_contains_paid_content":false,"footnotes":"","jetpack_publicize_message":"","jetpack_publicize_feature_enabled":true,"jetpack_social_post_already_shared":true,"jetpack_social_options":{"image_generator_settings":{"template":"highway","default_image_id":0,"font":"","enabled":false},"version":2}},"categories":[2,4,8],"tags":[133,138,153,159],"coauthors":[],"class_list":["post-2003","post","type-post","status-publish","format-standard","hentry","category-allgemeines","category-gesellschaft","category-volkswirtschaft","tag-neoliberalismus","tag-oepp","tag-schulden","tag-spd"],"jetpack_publicize_connections":[],"jetpack_featured_media_url":"","jetpack_sharing_enabled":true,"jetpack_shortlink":"https:\/\/wp.me\/p4UEhA-wj","_links":{"self":[{"href":"https:\/\/nachdenken-in-muenchen.de\/index.php?rest_route=\/wp\/v2\/posts\/2003","targetHints":{"allow":["GET"]}}],"collection":[{"href":"https:\/\/nachdenken-in-muenchen.de\/index.php?rest_route=\/wp\/v2\/posts"}],"about":[{"href":"https:\/\/nachdenken-in-muenchen.de\/index.php?rest_route=\/wp\/v2\/types\/post"}],"author":[{"embeddable":true,"href":"https:\/\/nachdenken-in-muenchen.de\/index.php?rest_route=\/wp\/v2\/users\/5"}],"replies":[{"embeddable":true,"href":"https:\/\/nachdenken-in-muenchen.de\/index.php?rest_route=%2Fwp%2Fv2%2Fcomments&post=2003"}],"version-history":[{"count":0,"href":"https:\/\/nachdenken-in-muenchen.de\/index.php?rest_route=\/wp\/v2\/posts\/2003\/revisions"}],"wp:attachment":[{"href":"https:\/\/nachdenken-in-muenchen.de\/index.php?rest_route=%2Fwp%2Fv2%2Fmedia&parent=2003"}],"wp:term":[{"taxonomy":"category","embeddable":true,"href":"https:\/\/nachdenken-in-muenchen.de\/index.php?rest_route=%2Fwp%2Fv2%2Fcategories&post=2003"},{"taxonomy":"post_tag","embeddable":true,"href":"https:\/\/nachdenken-in-muenchen.de\/index.php?rest_route=%2Fwp%2Fv2%2Ftags&post=2003"},{"taxonomy":"author","embeddable":true,"href":"https:\/\/nachdenken-in-muenchen.de\/index.php?rest_route=%2Fwp%2Fv2%2Fcoauthors&post=2003"}],"curies":[{"name":"wp","href":"https:\/\/api.w.org\/{rel}","templated":true}]}}