{"id":1961,"date":"2015-05-01T17:14:49","date_gmt":"2015-05-01T16:14:49","guid":{"rendered":"http:\/\/nachdenken-in-muenchen.de\/?p=1961"},"modified":"2015-05-01T17:14:49","modified_gmt":"2015-05-01T16:14:49","slug":"der-oekologische-umbau-der-wirtschaft-geht-nur-sozial","status":"publish","type":"post","link":"https:\/\/nachdenken-in-muenchen.de\/?p=1961","title":{"rendered":"Der \u00f6kologische Umbau der Wirtschaft geht nur sozial"},"content":{"rendered":"<div style=\"width: 490px\" class=\"wp-caption alignnone\"><a href=\"https:\/\/upload.wikimedia.org\/wikipedia\/commons\/thumb\/3\/36\/Niederhaverbeck_Heidesandweg.jpg\/1024px-Niederhaverbeck_Heidesandweg.jpg\"><img loading=\"lazy\" decoding=\"async\" src=\"https:\/\/upload.wikimedia.org\/wikipedia\/commons\/thumb\/3\/36\/Niederhaverbeck_Heidesandweg.jpg\/1024px-Niederhaverbeck_Heidesandweg.jpg\" alt=\"\" width=\"480\" height=\"325\" \/><\/a><p class=\"wp-caption-text\">Foto: Axel Hindemith<\/p><\/div>\n<p>Die Reaktion von Spiegel Online ist eine Diffamierung. SPON bringt die Nachricht \u00fcber ein wirtschafts- und gesellschaftspolitisches Papier zweier gr\u00fcner Abgeordneter (Katharina Dr\u00f6ge und Sven-Christian Kindler) unter dem Titel:\u00a0&#8220;<a href=\"http:\/\/www.spiegel.de\/politik\/deutschland\/die-gruenen-linke-gruene-trommeln-fuer-die-oeko-revolution-a-1031214.html\" target=\"_blank\">Fl\u00fcgelkampf: Linke Gr\u00fcne trommeln f\u00fcr die \u00d6ko-Revolution<\/a>&#8220;. Da wird schon mit der \u00dcberschrift ein Denkverbot errichtet. &#8220;Links&#8221; und &#8220;Revolution&#8221; in einem Satz, da muss man gar nicht weiterlesen!<br \/>\n<!--more--><\/p>\n<p>Aber der <a href=\"http:\/\/www.sven-kindler.de\/2015\/04\/der-oekologische-umbau-der-wirtschaft-geht-nur-sozial\" target=\"_blank\">Beitrag der beiden gr\u00fcnen Politiker<\/a> hat es in sich. Endlich einmal werden die soziale Lage, die steigende Ungleichheit und die Klimakatastrophe gemeinsam thematisiert. Dass wir Einschr\u00e4nkungen unseres Wohlstands in Kauf nehmen m\u00fcssen, wei\u00df eigentlich schon jedes Kind und wie unsinnig es ist, den ganzen Winter lang frische Erdbeeren von irgendwoher zu genie\u00dfen, dar\u00fcber sind sich alle einig. Nur handeln wollen die meisten nicht. Wir reden gerne \u00fcber faire Kleidung und betrachten die Jeans f\u00fcr 9,99\u20ac eben doch als kleines Schn\u00e4ppchen.<\/p>\n<p>\u00dcber die Ungleichheit sagen die beiden Autoren:<\/p>\n<blockquote><p>Wir glauben, dass nur dann viel erwirtschaftet werden kann, wenn die Ungleichheit nicht zu gro\u00df ist. Erst eine gute Sozialpolitik macht die Wirtschaft stark.<\/p><\/blockquote>\n<p>Sie fordern daher, die Ungleichheiten abzubauen, indem die ungleiche Verteilung von Verm\u00f6gen und Einkommen verringert wird, weil in sozialer Notlage nie ein Verst\u00e4ndnis f\u00fcr die \u00f6kologische Situation entstehen wird. Dem Hartz-IV-Empf\u00e4nger &#8211; nur ihm? &#8211; ist es egal, ob der Strom aus dem Kohlekraftwerk oder dem Windpark kommt. \u00dcber eine Agrarwende, die sicherstellt, dass Fleischerzeugung einhergeht mit artgerechter Tierhaltung und angemessenen L\u00f6hnen, wird die Hausfrau mit dem knappen Budget am Monatsende gar nicht mehr diskutieren wollen. Die beiden Autoren sagen es ganz deutlich:<\/p>\n<blockquote><p>Nur wenn sich alle Menschen die Teilhabe an der Gesellschaft auch leisten k\u00f6nnen, k\u00f6nnen wir auch von allen Menschen verlangen, dass sie sich am \u00f6kologischen Umbau beteiligen. Wenn wir also nicht wollen, dass einen \u00f6kologischen Lebensstill sich nur wohlhabende Eliten leisten k\u00f6nnen, m\u00fcssen wir bei der Sozialpolitik anfangen.<\/p><\/blockquote>\n<p>Ebenfalls fordern die beiden Gr\u00fcnen den Ausbau der \u00f6ffentlichen Infrastruktur. Wir ben\u00f6tigen mehr Ganztagsschulen, ein auch qualitativ gutes Kita-Angebot und Universit\u00e4ten, die nicht unterfinanziert sind, so sagen sie und\u00a0 sie empfehlen weiterhin Ma\u00dfnahmen zur Verhinderung der steigenden Altersarmut.<\/p>\n<p>Das all dies nur \u00fcber eine Umgestaltung des Steuersystems zur erreichen ist, das ist offensichtlich:<\/p>\n<blockquote><p>Die Abschaffung umweltsch\u00e4dlicher Subventionen und eine st\u00e4rkere Besteuerung hoher Verm\u00f6gen, Erbschaften, Einkommen und Kapitalertr\u00e4ge sind notwendig, um die soziale Ungleichheit abzubauen und solch einen \u00f6kologisch-sozialen Umbau leisten und finanzieren zu k\u00f6nnen.<\/p><\/blockquote>\n<p>Sehr deutlich sprechen die beiden Gr\u00fcnen \u00fcber den Zusammenhang zwischen Ungleichheit und \u00d6kologie. Sie kritisieren den gro\u00dfe Ressourcen verbrauchenden Konsum der Reichen, die damit noch ein Beispiel f\u00fcr andere geben.<\/p>\n<blockquote><p>Gro\u00dfer Reichtum f\u00f6rdert einen verschwenderischen Luxuskonsum, der einen ebenfalls nicht<br \/>\nnachhaltigen Statuskonsum der Mittelschichten nach sich zieht, um gesellschaftlichen Erfolg zu symbolisieren. Vermehrte lange Flugreisen, gro\u00dfe, schnelle Autos und exotische Lebensmittel zu jeder Jahreszeit sind nur einige Beispiele f\u00fcr ein un\u00f6kologisches Konsummuster der Eliten, das in Deutschland, aber auch in aufstrebenden Schwellenl\u00e4ndern immer \u00f6fter kopiert wird. Deswegen m\u00fcssen die Verteilungskrise und die Klimakrise gemeinsam beantwortet werden.<\/p><\/blockquote>\n<p>Wir wollen uns die Namen der beiden Autoren merken. Katharina Dr\u00f6ge und Sven-Christian Kindler haben es erkannt und hoffentlich eine Diskussion angezettelt, die dem Auftrag einer verantwortlichen Politik gerecht wird, n\u00e4mlich die politische Willensbildung zu f\u00f6rdern. Ihre Kernthesen lauten:<\/p>\n<blockquote><p>In dem Dreiecksverh\u00e4ltnis dieser Ziele liegen f\u00fcr uns auf der einen Seite positive Wechselwirkungen: Ein gut ausgestatteter, funktionierender Sozialstaat ist Grundlage f\u00fcr eine funktionierende Wirtschaftsordnung, genauso wie der \u00f6kologische Umbau der Wirtschaft Treiber von neuen Marktchancen und Innovationen sein kann. Und umgekehrt kann auch eine richtig organisierte Wirtschaftsstruktur den Wohlstand schaffen, der wichtig ist f\u00fcr ein gelingendes soziales Miteinander und der vereinbar ist mit den \u00f6kologischen Grenzen unseres Planeten.<\/p><\/blockquote>\n<p>Dass Spiegel Online die Vorschl\u00e4ge der beiden Politiker einen &#8220;Katalog des Grauens&#8221; nennt, darf uns nicht st\u00f6ren. Es werden noch ganz andere Charakterisierungen folgen.<\/p>\n<p><small>Bildquelle: <a title=\"File:Niederhaverbeck Heidesandweg.jpg\" href=\"https:\/\/commons.wikimedia.org\/wiki\/File:Niederhaverbeck_Heidesandweg.jpg\" target=\"_blank\">Axel Hindemith \/ Wikipedia<\/a> \/ <a title=\"Creative Commons Legal Code\" href=\"http:\/\/creativecommons.org\/licenses\/by-sa\/3.0\/de\/legalcode\" target=\"_blank\">CC-by-sa 3.0 de<\/a><\/small><\/p>\n<a href=\"https:\/\/nachdenken-in-muenchen.de\/?p=1961&amp;wp_email_popup=1\" onclick=\"email_popup(this.href); return false;\"  title=\"Beitrag versenden\" rel=\"nofollow\">Beitrag versenden<\/a>\n<p class=\"wpf_wrapper\"><a class=\"print_link\" href=\"\" target=\"_blank\">Drucken<\/a><\/p><!-- .wpf_wrapper --><div class=\"twoclick_social_bookmarks_post_1961 social_share_privacy clearfix 1.6.4 locale-de_DE sprite-de_DE\"><\/div><div class=\"twoclick-js\"><script type=\"text\/javascript\">\/* <![CDATA[ *\/\njQuery(document).ready(function($){if($('.twoclick_social_bookmarks_post_1961')){$('.twoclick_social_bookmarks_post_1961').socialSharePrivacy({\"services\":{\"facebook\":{\"status\":\"on\",\"txt_info\":\"2 Klicks f\\u00fcr mehr Datenschutz: Erst wenn Sie hier klicken, wird der Button aktiv und Sie k\\u00f6nnen Ihre Empfehlung an Facebook senden. Schon beim Aktivieren werden Daten an Dritte \\u00fcbertragen - siehe <em>i<\\\/em>.\",\"perma_option\":\"off\",\"action\":\"recommend\",\"language\":\"de_DE\"},\"twitter\":{\"reply_to\":\"\",\"tweet_text\":\"%20Der%20%C3%B6kologische%20Umbau%20der%20Wirtschaft%20geht%20nur%20sozial%20%C2%BB%20Nachdenken%20in%20...\",\"status\":\"on\",\"txt_info\":\"2 Klicks f\\u00fcr mehr Datenschutz: Erst wenn Sie hier klicken, wird der Button aktiv und Sie k\\u00f6nnen Ihre Empfehlung an Twitter senden. Schon beim Aktivieren werden Daten an Dritte \\u00fcbertragen - siehe <em>i<\\\/em>.\",\"perma_option\":\"off\",\"language\":\"de\",\"referrer_track\":\"\"},\"gplus\":{\"status\":\"on\",\"txt_info\":\"2 Klicks f\\u00fcr mehr Datenschutz: Erst wenn Sie hier klicken, wird der Button aktiv und Sie k\\u00f6nnen Ihre Empfehlung an Google+ senden. Schon beim Aktivieren werden Daten an Dritte \\u00fcbertragen - siehe <em>i<\\\/em>.\",\"perma_option\":\"off\",\"referrer_track\":\"\"}},\"txt_help\":\"Wenn Sie diese Felder durch einen Klick aktivieren, werden Informationen an Facebook, Twitter, Flattr, Xing, t3n, LinkedIn, Pinterest oder Google eventuell ins Ausland \\u00fcbertragen und unter Umst\\u00e4nden auch dort gespeichert. N\\u00e4heres erfahren Sie durch einen Klick auf das <em>i<\\\/em>.\",\"settings_perma\":\"Dauerhaft aktivieren und Daten\\u00fcber-tragung zustimmen:\",\"info_link\":\"http:\\\/\\\/www.heise.de\\\/ct\\\/artikel\\\/2-Klicks-fuer-mehr-Datenschutz-1333879.html\",\"uri\":\"https:\\\/\\\/nachdenken-in-muenchen.de\\\/?p=1961\",\"post_id\":1961,\"post_title_referrer_track\":\"Der+%C3%B6kologische+Umbau+der+Wirtschaft+geht+nur+sozial\",\"display_infobox\":\"on\"});}});\n\/* ]]> *\/<\/script><\/div>","protected":false},"excerpt":{"rendered":"<p>Die Reaktion von Spiegel Online ist eine Diffamierung. SPON bringt die Nachricht \u00fcber ein wirtschafts- und gesellschaftspolitisches Papier zweier gr\u00fcner Abgeordneter (Katharina Dr\u00f6ge und Sven-Christian Kindler) unter dem Titel:\u00a0&#8220;Fl\u00fcgelkampf: Linke Gr\u00fcne trommeln f\u00fcr die \u00d6ko-Revolution&#8220;. Da wird schon mit der \u00dcberschrift ein Denkverbot errichtet. &#8220;Links&#8221; und &#8220;Revolution&#8221; in einem Satz, da muss man gar nicht [&hellip;]<\/p>\n","protected":false},"author":3,"featured_media":0,"comment_status":"open","ping_status":"open","sticky":false,"template":"","format":"standard","meta":{"jetpack_post_was_ever_published":false,"_jetpack_newsletter_access":"","_jetpack_dont_email_post_to_subs":false,"_jetpack_newsletter_tier_id":0,"_jetpack_memberships_contains_paywalled_content":false,"_jetpack_memberships_contains_paid_content":false,"footnotes":"","jetpack_publicize_message":"","jetpack_publicize_feature_enabled":true,"jetpack_social_post_already_shared":true,"jetpack_social_options":{"image_generator_settings":{"template":"highway","default_image_id":0,"font":"","enabled":false},"version":2}},"categories":[2,4,7],"tags":[21,53,99,102,148,176,189,198],"coauthors":[],"class_list":["post-1961","post","type-post","status-publish","format-standard","hentry","category-allgemeines","category-gesellschaft","category-sozialpolitik","tag-armut","tag-energiewende","tag-kapitalismus","tag-klimawandel","tag-ressourcen","tag-umverteilung","tag-wachstum","tag-wohlstand"],"jetpack_publicize_connections":[],"jetpack_featured_media_url":"","jetpack_sharing_enabled":true,"jetpack_shortlink":"https:\/\/wp.me\/p4UEhA-vD","_links":{"self":[{"href":"https:\/\/nachdenken-in-muenchen.de\/index.php?rest_route=\/wp\/v2\/posts\/1961","targetHints":{"allow":["GET"]}}],"collection":[{"href":"https:\/\/nachdenken-in-muenchen.de\/index.php?rest_route=\/wp\/v2\/posts"}],"about":[{"href":"https:\/\/nachdenken-in-muenchen.de\/index.php?rest_route=\/wp\/v2\/types\/post"}],"author":[{"embeddable":true,"href":"https:\/\/nachdenken-in-muenchen.de\/index.php?rest_route=\/wp\/v2\/users\/3"}],"replies":[{"embeddable":true,"href":"https:\/\/nachdenken-in-muenchen.de\/index.php?rest_route=%2Fwp%2Fv2%2Fcomments&post=1961"}],"version-history":[{"count":0,"href":"https:\/\/nachdenken-in-muenchen.de\/index.php?rest_route=\/wp\/v2\/posts\/1961\/revisions"}],"wp:attachment":[{"href":"https:\/\/nachdenken-in-muenchen.de\/index.php?rest_route=%2Fwp%2Fv2%2Fmedia&parent=1961"}],"wp:term":[{"taxonomy":"category","embeddable":true,"href":"https:\/\/nachdenken-in-muenchen.de\/index.php?rest_route=%2Fwp%2Fv2%2Fcategories&post=1961"},{"taxonomy":"post_tag","embeddable":true,"href":"https:\/\/nachdenken-in-muenchen.de\/index.php?rest_route=%2Fwp%2Fv2%2Ftags&post=1961"},{"taxonomy":"author","embeddable":true,"href":"https:\/\/nachdenken-in-muenchen.de\/index.php?rest_route=%2Fwp%2Fv2%2Fcoauthors&post=1961"}],"curies":[{"name":"wp","href":"https:\/\/api.w.org\/{rel}","templated":true}]}}