{"id":1941,"date":"2015-04-24T16:33:22","date_gmt":"2015-04-24T15:33:22","guid":{"rendered":"http:\/\/nachdenken-in-muenchen.de\/?p=1941"},"modified":"2015-04-24T16:33:22","modified_gmt":"2015-04-24T15:33:22","slug":"wie-alt-bist-du-nur-eine-provokation","status":"publish","type":"post","link":"https:\/\/nachdenken-in-muenchen.de\/?p=1941","title":{"rendered":"Wie alt bist Du? Nur eine Provokation?"},"content":{"rendered":"<p>Wer \u00fcber 35 Jahre alt ist, sollte das hier lesen, was ich von einem Freund kopiert habe.<br \/>\nNeulich an der Supermarktkasse machte mir die junge Kassiererin den Vorschlag, doch bitte eigene Taschen mitzubringen, anstatt neue Plastikt\u00fcten zu kaufen.<br \/>\nIch erwiderte entschuldigend &#8220;Wir hatten das mit dem &#8216;Umweltschutz&#8217; fr\u00fcher nicht so.&#8221; Sie entgegnete mir &#8220;Sehen Sie, das ist heute genau das Problem: Ihre Generation hat zu wenig zum Schutze der Umwelt und k\u00fcnftiger Generationen getan!&#8221; Sie hatte v\u00f6llig recht damit. &#8220;Umweltschutz&#8221; gab es damals zu &#8220;unserer&#8221; Zeit nicht.<br \/>\nAber was hatten wir dann?<!--more--><\/p>\n<div style=\"width: 250px\" class=\"wp-caption alignleft\"><a href=\"https:\/\/farm2.staticflickr.com\/1066\/925977881_12fe6af167_z.jpg?zz=1\"><img loading=\"lazy\" decoding=\"async\" src=\"https:\/\/farm2.staticflickr.com\/1066\/925977881_12fe6af167_z.jpg?zz=1\" alt=\"\" width=\"240\" height=\"180\" \/><\/a><p class=\"wp-caption-text\">Foto: redronafets<\/p><\/div>\n<p>Nach einigem Sinnen und Schwelgen in Erinnerungen an das, was &#8220;unsere&#8221; Zeit so bot, habe ich hier die Dinge, an die ich mich erinnern kann: Damals brachten wir leere Milchflaschen, Bierflaschen, Colaflaschen und Selterflaschen als Pfandflaschen zur\u00fcck. Das Gesch\u00e4ft brachte die Flaschen zum Hersteller. Der hat sie gereinigt und sie desinfiziert, damit sie mehrmals benutzt werden konnten. Die Flaschen wurden als richtig recyclet. Aber &#8220;Umweltschutz&#8221; gab es damals nicht.<br \/>\nWir sind Treppen gelaufen, weil es nicht f\u00fcr jede einzelne Etage in jedem B\u00fcrogeb\u00e4ude und Kaufhaus einen Aufzug oder Rolltreppen gab. Wir sind zum Supermarkt gelaufen, anstatt uns in eine Maschine mit 300 PS zu setzen, um zwei Minuten Fu\u00dfweg zu sparen. Aber die Verk\u00e4uferin hatte recht: &#8220;Umweltschutz&#8221; gab es zu unserer Zeit nicht.<br \/>\nAnstatt die Wegwerfvariante zu kaufen, haben wir damals die Windeln gewaschen. Wir haben W\u00e4sche auf der Leine im Hof getrocknet, anstatt daf\u00fcr eine energiefressende Apparatur zu benutzen, die 230 Volt frisst &#8211; Windkraft und Solarenergie haben das f\u00fcr uns erledigt. Kinder bekamen die Kleidung der \u00e4lteren Geschwister, und nicht bei jeder Gelegenheit brandneue Klamotten. Aber sie hatte trotzdem recht: &#8220;Umweltschutz&#8221; gab es damals einfach nicht.<br \/>\nFr\u00fcher, zu &#8220;unserer Zeit&#8221;, gab es einen Fernseher oder ein Radio im Haus. Und nicht jeweils beides in jedem Zimmer einschlie\u00dflich der Toilette. Der Fernseher hatte das handliche Bild einer Serviette und nicht die Gr\u00f6\u00dfe von Manhattan. In der K\u00fcche haben wir mit der Hand ger\u00fchrt und gemischt, weil es daf\u00fcr einfach keine elektrischen Ger\u00e4te hatte. Zum Einpacken von zerbrechlichen Geschenken haben wir alte Zeitungen zerkn\u00fcllt und in das Paket getan, und nicht diese Styro-Chips oder Blasenfolie. Zu &#8220;unserer Zeit&#8221; haben wir f\u00fcrs Rasenm\u00e4hen der 20 Quadratmeter hinter dem Haus keinen 10PS Motorm\u00e4her angeworfen sondern einen menschbetriebenen Handm\u00e4her benutzt. Das war dann auch gleichzeit Sport, f\u00fcr den wir heute in ein Fitnesscenter laufen, wo wir auf elektrisch betriebenen Laufb\u00e4ndern joggen. Und doch hatte die Kassiererin recht: &#8220;Umweltschutz&#8221; hatten wir zu &#8220;unserer Zeit&#8221; nicht.<br \/>\nWaren wir durstig, dann tranken wir Wasser aus dem Wasserhahn. Wir haben nicht f\u00fcr jeden Schluck einen neuen Plastikbecher benutzt und das Wasser in Plastikflaschen aus dem Supermarkt geholt. Wir haben F\u00fcllfederhalter nachgef\u00fcllt und nicht gleich den ganzen Stift weggeworfen. Auch unsere Rasiermesserklingen haben wir getauscht, obwohl es doch viel einfacher ist, gleich den ganzen Rasierer wegzuwerfen, blo\u00df weil die Klinge stumpf geworden ist. Aber &#8220;Umweltschutz&#8221; hatten wir nicht.<br \/>\nDamals nahmen Leute den Bus und Kinder fuhren mit dem Fahrrad zur Schule (oder sie gingen zu Fu\u00df) anstatt ihre M\u00fctter in einen 24-Stunden Taxi-Service zu verwandeln. Wir hatten in jedem Raum eine Steckdose. EINE. Und nicht gleich eine ganze Batterie davon, um elektrischen Schnickschnack im Dutzend zu betreiben. Und wir brauchten auch kein computerisiertes Spielzeug, was seine Signale 20.000km ins All sendet, nur um herauszufinden, wo der n\u00e4chste Pizzaladen ist.<br \/>\nAber ist es nicht traurig, dass die junge Generation herumlamentiert, wie verschwenderisch wir mit unseren Ressourcen umgegangen sind, weil wir damals keinen &#8220;Umweltschutz&#8221; hatten?<br \/>\nWer&#8217;s mag, postet das bei sich!<\/p>\n<p><em><br \/>\nDiese Zeilen habe ich irgendwo bei Facebook aufgeschnappt: <a href=\"https:\/\/www.facebook.com\/bernard.schneiders\/posts\/599990143359670?fref=nf&amp;pnref=story\" target=\"_blank\">https:\/\/www.facebook.com\/bernard.schneiders\/posts\/599990143359670?fref=nf&amp;pnref=story<\/a><\/em><\/p>\n<p><small>Bildquelle: <a href=\"https:\/\/www.flickr.com\/photos\/redronafets\/\" target=\"_blank\">redronafets<\/a> \/ <a title=\"Creative Commons \u2014 Attribution-NonCommercial-NoDerivs 2.0 Generic \u2014 CC BY-NC-ND 2.0\" href=\"https:\/\/creativecommons.org\/licenses\/by-nc-nd\/2.0\/\" target=\"_blank\">CC BY-NC-ND 2.0<\/a><\/small><\/p>\n<a href=\"https:\/\/nachdenken-in-muenchen.de\/?p=1941&amp;wp_email_popup=1\" onclick=\"email_popup(this.href); return false;\"  title=\"Beitrag versenden\" rel=\"nofollow\">Beitrag versenden<\/a>\n<p class=\"wpf_wrapper\"><a class=\"print_link\" href=\"\" target=\"_blank\">Drucken<\/a><\/p><!-- .wpf_wrapper --><div class=\"twoclick_social_bookmarks_post_1941 social_share_privacy clearfix 1.6.4 locale-de_DE sprite-de_DE\"><\/div><div class=\"twoclick-js\"><script type=\"text\/javascript\">\/* <![CDATA[ *\/\njQuery(document).ready(function($){if($('.twoclick_social_bookmarks_post_1941')){$('.twoclick_social_bookmarks_post_1941').socialSharePrivacy({\"services\":{\"facebook\":{\"status\":\"on\",\"txt_info\":\"2 Klicks f\\u00fcr mehr Datenschutz: Erst wenn Sie hier klicken, wird der Button aktiv und Sie k\\u00f6nnen Ihre Empfehlung an Facebook senden. Schon beim Aktivieren werden Daten an Dritte \\u00fcbertragen - siehe <em>i<\\\/em>.\",\"perma_option\":\"off\",\"action\":\"recommend\",\"language\":\"de_DE\"},\"twitter\":{\"reply_to\":\"\",\"tweet_text\":\"%20Wie%20alt%20bist%20Du%3F%20Nur%20eine%20Provokation%3F%20%C2%BB%20Nachdenken%20in%20M%C3%BCnchen%20...\",\"status\":\"on\",\"txt_info\":\"2 Klicks f\\u00fcr mehr Datenschutz: Erst wenn Sie hier klicken, wird der Button aktiv und Sie k\\u00f6nnen Ihre Empfehlung an Twitter senden. Schon beim Aktivieren werden Daten an Dritte \\u00fcbertragen - siehe <em>i<\\\/em>.\",\"perma_option\":\"off\",\"language\":\"de\",\"referrer_track\":\"\"},\"gplus\":{\"status\":\"on\",\"txt_info\":\"2 Klicks f\\u00fcr mehr Datenschutz: Erst wenn Sie hier klicken, wird der Button aktiv und Sie k\\u00f6nnen Ihre Empfehlung an Google+ senden. Schon beim Aktivieren werden Daten an Dritte \\u00fcbertragen - siehe <em>i<\\\/em>.\",\"perma_option\":\"off\",\"referrer_track\":\"\"}},\"txt_help\":\"Wenn Sie diese Felder durch einen Klick aktivieren, werden Informationen an Facebook, Twitter, Flattr, Xing, t3n, LinkedIn, Pinterest oder Google eventuell ins Ausland \\u00fcbertragen und unter Umst\\u00e4nden auch dort gespeichert. N\\u00e4heres erfahren Sie durch einen Klick auf das <em>i<\\\/em>.\",\"settings_perma\":\"Dauerhaft aktivieren und Daten\\u00fcber-tragung zustimmen:\",\"info_link\":\"http:\\\/\\\/www.heise.de\\\/ct\\\/artikel\\\/2-Klicks-fuer-mehr-Datenschutz-1333879.html\",\"uri\":\"https:\\\/\\\/nachdenken-in-muenchen.de\\\/?p=1941\",\"post_id\":1941,\"post_title_referrer_track\":\"Wie+alt+bist+Du%3F+Nur+eine+Provokation%3F\",\"display_infobox\":\"on\"});}});\n\/* ]]> *\/<\/script><\/div>","protected":false},"excerpt":{"rendered":"<p>Wer \u00fcber 35 Jahre alt ist, sollte das hier lesen, was ich von einem Freund kopiert habe. Neulich an der Supermarktkasse machte mir die junge Kassiererin den Vorschlag, doch bitte eigene Taschen mitzubringen, anstatt neue Plastikt\u00fcten zu kaufen. Ich erwiderte entschuldigend &#8220;Wir hatten das mit dem &#8216;Umweltschutz&#8217; fr\u00fcher nicht so.&#8221; Sie entgegnete mir &#8220;Sehen Sie, [&hellip;]<\/p>\n","protected":false},"author":3,"featured_media":0,"comment_status":"open","ping_status":"open","sticky":false,"template":"","format":"standard","meta":{"jetpack_post_was_ever_published":false,"_jetpack_newsletter_access":"","_jetpack_dont_email_post_to_subs":false,"_jetpack_newsletter_tier_id":0,"_jetpack_memberships_contains_paywalled_content":false,"_jetpack_memberships_contains_paid_content":false,"footnotes":"","jetpack_publicize_message":"","jetpack_publicize_feature_enabled":true,"jetpack_social_post_already_shared":true,"jetpack_social_options":{"image_generator_settings":{"template":"highway","default_image_id":0,"font":"","enabled":false},"version":2}},"categories":[2,4],"tags":[102,148,189,198],"coauthors":[],"class_list":["post-1941","post","type-post","status-publish","format-standard","hentry","category-allgemeines","category-gesellschaft","tag-klimawandel","tag-ressourcen","tag-wachstum","tag-wohlstand"],"jetpack_publicize_connections":[],"jetpack_featured_media_url":"","jetpack_sharing_enabled":true,"jetpack_shortlink":"https:\/\/wp.me\/p4UEhA-vj","_links":{"self":[{"href":"https:\/\/nachdenken-in-muenchen.de\/index.php?rest_route=\/wp\/v2\/posts\/1941","targetHints":{"allow":["GET"]}}],"collection":[{"href":"https:\/\/nachdenken-in-muenchen.de\/index.php?rest_route=\/wp\/v2\/posts"}],"about":[{"href":"https:\/\/nachdenken-in-muenchen.de\/index.php?rest_route=\/wp\/v2\/types\/post"}],"author":[{"embeddable":true,"href":"https:\/\/nachdenken-in-muenchen.de\/index.php?rest_route=\/wp\/v2\/users\/3"}],"replies":[{"embeddable":true,"href":"https:\/\/nachdenken-in-muenchen.de\/index.php?rest_route=%2Fwp%2Fv2%2Fcomments&post=1941"}],"version-history":[{"count":0,"href":"https:\/\/nachdenken-in-muenchen.de\/index.php?rest_route=\/wp\/v2\/posts\/1941\/revisions"}],"wp:attachment":[{"href":"https:\/\/nachdenken-in-muenchen.de\/index.php?rest_route=%2Fwp%2Fv2%2Fmedia&parent=1941"}],"wp:term":[{"taxonomy":"category","embeddable":true,"href":"https:\/\/nachdenken-in-muenchen.de\/index.php?rest_route=%2Fwp%2Fv2%2Fcategories&post=1941"},{"taxonomy":"post_tag","embeddable":true,"href":"https:\/\/nachdenken-in-muenchen.de\/index.php?rest_route=%2Fwp%2Fv2%2Ftags&post=1941"},{"taxonomy":"author","embeddable":true,"href":"https:\/\/nachdenken-in-muenchen.de\/index.php?rest_route=%2Fwp%2Fv2%2Fcoauthors&post=1941"}],"curies":[{"name":"wp","href":"https:\/\/api.w.org\/{rel}","templated":true}]}}