{"id":1910,"date":"2015-04-13T19:43:56","date_gmt":"2015-04-13T18:43:56","guid":{"rendered":"http:\/\/nachdenken-in-muenchen.de\/?p=1910"},"modified":"2015-04-13T19:43:56","modified_gmt":"2015-04-13T18:43:56","slug":"demonstration-gegen-ttip-ceta-und-tisa-am-samstag-den-18-4-2015-in-muenchen","status":"publish","type":"post","link":"https:\/\/nachdenken-in-muenchen.de\/?p=1910","title":{"rendered":"Demonstration gegen TTIP, CETA und TiSA am Samstag, den 18.4.2015 in M\u00fcnchen"},"content":{"rendered":"<p><a href=\"http:\/\/nachdenken-in-muenchen.de\/Wordpress\/wp-content\/uploads\/2015\/04\/DEMO_A0.jpg\"><img loading=\"lazy\" decoding=\"async\" class=\"alignnone\" src=\"http:\/\/nachdenken-in-muenchen.de\/Wordpress\/wp-content\/uploads\/2015\/04\/DEMO_A0.jpg\" alt=\"\" width=\"272\" height=\"384\" \/><\/a><\/p>\n<h3>Aufruf und Ablaufplan des regionalen B\u00fcndnisses STOP TTIP M\u00fcnchen<\/h3>\n<p>Die Europ\u00e4ische Kommission und auch die Bundesregierung wollen die so genannten Freihandelsabkommen der EU mit den USA (TTIP) und mit Kanada (CETA) sowie das Dienstleistungsabkommen TiSA (mit 23 anderen Staaten) so schnell wie m\u00f6glich fertig stellen, unterzeichnen und in Kraft treten lassen.<br \/>\nEuropaweit w\u00e4chst jedoch der Widerstand gegen diese Abkommen. Ein breites B\u00fcndnis aus Organisationen und Parteien hat europaweit bereits \u00fcber 1,6 Millionen Unterschriften gegen TTIP und CETA gesammelt. Immer mehr Kommunen verabschieden Resolutionen gegen alle drei Abkommen. Gerade erst wurde \u00f6ffentlich, dass die Prognosen der Abkommens-Bef\u00fcrworter zu Wirtschaftswachstum und Arbeitspl\u00e4tzen um das zehnfache zu hoch waren.<br \/>\nTrotzdem gingen und gehen die Geheimverhandlungen zu den Abkommen unbeirrt weiter. CETA ist fertig verhandelt, wird nicht mehr ge\u00e4ndert und wartet nur noch auf seine Unterzeichnung. Damit w\u00e4ren Investorenklagen gegen Staaten au\u00dferhalb jeder ordentlichen Gerichtsbarkeit, die Abschw\u00e4chung vieler unserer Standards oder der Einzug der Gentechnik nach Europa und vieles mehr festgeschrieben. Im TTIP wird sp\u00e4ter mindestens das drinstehen, was bereits im CETA steht. <!--more-->Um den Widerstand gegen diese Abkommen und gegen die Fortsetzung der Verhandlungen in die \u00d6ffentlichkeit zu bringen, organisiert ein breites B\u00fcndnis aus verschiedenen Organisationen, Parteien und regionalen bayerischen \u201eStop TTIP-B\u00fcndnissen\u201c am 18. April 2015, dem \u201eweltweiten Tag gegen TTIP und CETA\u201c unter dem Motto \u201eB\u00fcrgerrecht statt Konzerndiktatur\u201c eine Demonstration in M\u00fcnchen. Kommen auch Sie und helfen mit, diese Abkommen zu verhindern.<\/p>\n<p>Zeitplan:<br \/>\n13:30 Auftaktkundgebung am Karlsplatz (Stachus)<br \/>\n14:30 Demonstrationszug \u00fcber Sendlinger Tor zum Odeonsplatz<br \/>\n15:30 Kundgebung am Odeonsplatz<\/p>\n<p>RednerInnen:<\/p>\n<ul>\n<ul>\n<li>Karlsplatz:\n<ul>\n<li>Gerd Hoffmann (Mehr Demokratie)<\/li>\n<li>Josef Schmid (Arbeitsgemeinschaft B\u00e4uerliche Landwirtschaft, AbL)<\/li>\n<li>Maria Noichl (SPD)<\/li>\n<li>Prof. Dr. Hubert Weiger (BUND Naturschutz in Bayern, BUND)<\/li>\n<\/ul>\n<\/li>\n<li>Zwischenstation Sendlinger Tor:\n<ul>\n<li>Nicole Britz (Piraten)<\/li>\n<li>Pfarrer Charles Manch\u00e9 (Katholische Arbeitnehmer-Bewegung, KAB)<\/li>\n<\/ul>\n<\/li>\n<li>Odeonsplatz:\n<ul>\n<li>Klaus Ernst (Die LINKE)<\/li>\n<li>Roland Gro\u00df (ver.di)<\/li>\n<li>Ludwig Hartmann (B\u00fcndnis 90\/Die Gr\u00fcnen)<\/li>\n<li>Andrea Behm (attac)<\/li>\n<li>Gabriela Schimmer-G\u00f6resz (\u00d6DP)<\/li>\n<\/ul>\n<\/li>\n<\/ul>\n<\/ul>\n<p>Der Demonstrationszug wird begleitet von der M\u00fcnchner Ruhest\u00f6rung<br \/>\nAm Karlsplatz Musik von der Rua\u00dfkuchlmusi<br \/>\nAm Odeonsplatz Musik von Jamaram, BlueKilla, Sauglocknl\u00e4utn, Express Brass Band, Diatoniks.<\/p>\n<p><em>\u00dcbernommen von der Webseite des <a href=\"http:\/\/stop-ttip-muenchen.de\/\" target=\"_blank\">B\u00fcndnisses STOP TTIP M\u00fcnchen<\/a>. Dort finden sich vielf\u00e4ltige weitergehende Informationen.<\/em><\/p>\n<a href=\"https:\/\/nachdenken-in-muenchen.de\/?p=1910&amp;wp_email_popup=1\" onclick=\"email_popup(this.href); return false;\"  title=\"Beitrag versenden\" rel=\"nofollow\">Beitrag versenden<\/a>\n<p class=\"wpf_wrapper\"><a class=\"print_link\" href=\"\" target=\"_blank\">Drucken<\/a><\/p><!-- .wpf_wrapper --><div class=\"twoclick_social_bookmarks_post_1910 social_share_privacy clearfix 1.6.4 locale-de_DE sprite-de_DE\"><\/div><div class=\"twoclick-js\"><script type=\"text\/javascript\">\/* <![CDATA[ *\/\njQuery(document).ready(function($){if($('.twoclick_social_bookmarks_post_1910')){$('.twoclick_social_bookmarks_post_1910').socialSharePrivacy({\"services\":{\"facebook\":{\"status\":\"on\",\"txt_info\":\"2 Klicks f\\u00fcr mehr Datenschutz: Erst wenn Sie hier klicken, wird der Button aktiv und Sie k\\u00f6nnen Ihre Empfehlung an Facebook senden. Schon beim Aktivieren werden Daten an Dritte \\u00fcbertragen - siehe <em>i<\\\/em>.\",\"perma_option\":\"off\",\"action\":\"recommend\",\"language\":\"de_DE\"},\"twitter\":{\"reply_to\":\"\",\"tweet_text\":\"%20Demonstration%20gegen%20TTIP%2C%20CETA%20und%20TiSA%20am%20Samstag%2C%20den%2018.4.2015%20in%20M%C3%BCnchen%20...\",\"status\":\"on\",\"txt_info\":\"2 Klicks f\\u00fcr mehr Datenschutz: Erst wenn Sie hier klicken, wird der Button aktiv und Sie k\\u00f6nnen Ihre Empfehlung an Twitter senden. Schon beim Aktivieren werden Daten an Dritte \\u00fcbertragen - siehe <em>i<\\\/em>.\",\"perma_option\":\"off\",\"language\":\"de\",\"referrer_track\":\"\"},\"gplus\":{\"status\":\"on\",\"txt_info\":\"2 Klicks f\\u00fcr mehr Datenschutz: Erst wenn Sie hier klicken, wird der Button aktiv und Sie k\\u00f6nnen Ihre Empfehlung an Google+ senden. Schon beim Aktivieren werden Daten an Dritte \\u00fcbertragen - siehe <em>i<\\\/em>.\",\"perma_option\":\"off\",\"referrer_track\":\"\"}},\"txt_help\":\"Wenn Sie diese Felder durch einen Klick aktivieren, werden Informationen an Facebook, Twitter, Flattr, Xing, t3n, LinkedIn, Pinterest oder Google eventuell ins Ausland \\u00fcbertragen und unter Umst\\u00e4nden auch dort gespeichert. N\\u00e4heres erfahren Sie durch einen Klick auf das <em>i<\\\/em>.\",\"settings_perma\":\"Dauerhaft aktivieren und Daten\\u00fcber-tragung zustimmen:\",\"info_link\":\"http:\\\/\\\/www.heise.de\\\/ct\\\/artikel\\\/2-Klicks-fuer-mehr-Datenschutz-1333879.html\",\"uri\":\"https:\\\/\\\/nachdenken-in-muenchen.de\\\/?p=1910\",\"post_id\":1910,\"post_title_referrer_track\":\"Demonstration+gegen+TTIP%2C+CETA+und+TiSA+am+Samstag%2C+den+18.4.2015+in+M%C3%BCnchen\",\"display_infobox\":\"on\"});}});\n\/* ]]> *\/<\/script><\/div>","protected":false},"excerpt":{"rendered":"<p>Aufruf und Ablaufplan des regionalen B\u00fcndnisses STOP TTIP M\u00fcnchen Die Europ\u00e4ische Kommission und auch die Bundesregierung wollen die so genannten Freihandelsabkommen der EU mit den USA (TTIP) und mit Kanada (CETA) sowie das Dienstleistungsabkommen TiSA (mit 23 anderen Staaten) so schnell wie m\u00f6glich fertig stellen, unterzeichnen und in Kraft treten lassen. Europaweit w\u00e4chst jedoch der [&hellip;]<\/p>\n","protected":false},"author":4,"featured_media":0,"comment_status":"open","ping_status":"open","sticky":false,"template":"","format":"standard","meta":{"jetpack_post_was_ever_published":false,"_jetpack_newsletter_access":"","_jetpack_dont_email_post_to_subs":false,"_jetpack_newsletter_tier_id":0,"_jetpack_memberships_contains_paywalled_content":false,"_jetpack_memberships_contains_paid_content":false,"footnotes":"","jetpack_publicize_message":"","jetpack_publicize_feature_enabled":true,"jetpack_social_post_already_shared":true,"jetpack_social_options":{"image_generator_settings":{"template":"highway","default_image_id":0,"font":"","enabled":false},"version":2}},"categories":[3,6],"tags":[47,128,133,172,189,204],"coauthors":[],"class_list":["post-1910","post","type-post","status-publish","format-standard","hentry","category-demokratie","category-muenchen-und-umgebung","tag-demokratie","tag-muenchen","tag-neoliberalismus","tag-ttip","tag-wachstum","tag-zukunft"],"jetpack_publicize_connections":[],"jetpack_featured_media_url":"","jetpack_sharing_enabled":true,"jetpack_shortlink":"https:\/\/wp.me\/p4UEhA-uO","_links":{"self":[{"href":"https:\/\/nachdenken-in-muenchen.de\/index.php?rest_route=\/wp\/v2\/posts\/1910","targetHints":{"allow":["GET"]}}],"collection":[{"href":"https:\/\/nachdenken-in-muenchen.de\/index.php?rest_route=\/wp\/v2\/posts"}],"about":[{"href":"https:\/\/nachdenken-in-muenchen.de\/index.php?rest_route=\/wp\/v2\/types\/post"}],"author":[{"embeddable":true,"href":"https:\/\/nachdenken-in-muenchen.de\/index.php?rest_route=\/wp\/v2\/users\/4"}],"replies":[{"embeddable":true,"href":"https:\/\/nachdenken-in-muenchen.de\/index.php?rest_route=%2Fwp%2Fv2%2Fcomments&post=1910"}],"version-history":[{"count":0,"href":"https:\/\/nachdenken-in-muenchen.de\/index.php?rest_route=\/wp\/v2\/posts\/1910\/revisions"}],"wp:attachment":[{"href":"https:\/\/nachdenken-in-muenchen.de\/index.php?rest_route=%2Fwp%2Fv2%2Fmedia&parent=1910"}],"wp:term":[{"taxonomy":"category","embeddable":true,"href":"https:\/\/nachdenken-in-muenchen.de\/index.php?rest_route=%2Fwp%2Fv2%2Fcategories&post=1910"},{"taxonomy":"post_tag","embeddable":true,"href":"https:\/\/nachdenken-in-muenchen.de\/index.php?rest_route=%2Fwp%2Fv2%2Ftags&post=1910"},{"taxonomy":"author","embeddable":true,"href":"https:\/\/nachdenken-in-muenchen.de\/index.php?rest_route=%2Fwp%2Fv2%2Fcoauthors&post=1910"}],"curies":[{"name":"wp","href":"https:\/\/api.w.org\/{rel}","templated":true}]}}