{"id":1870,"date":"2015-03-28T17:11:01","date_gmt":"2015-03-28T16:11:01","guid":{"rendered":"http:\/\/nachdenken-in-muenchen.de\/?p=1870"},"modified":"2015-03-28T17:11:01","modified_gmt":"2015-03-28T16:11:01","slug":"deutsche-aussenpolitik-mal-anders-gesehen","status":"publish","type":"post","link":"https:\/\/nachdenken-in-muenchen.de\/?p=1870","title":{"rendered":"Deutsche Au\u00dfenpolitik \u2013 mal anders gesehen"},"content":{"rendered":"<p>Viele unserer Medien pr\u00e4gen ein einseitiges Bild der deutschen Au\u00dfenpolitik: Sie unterst\u00fctzen die Austerit\u00e4tspolitik gegen\u00fcber den s\u00fcdeurop\u00e4ischen Staaten, sie verschweigen die Fehler des Westens in der Ukrainepolitik, sie propagieren mehr \u2013 auch milit\u00e4risches \u2013 Engagement der Bundesrepublik, sie fordern Waffenexporte in Krisengebiete.<br \/>\nDa ist es gut, t\u00e4glich alternative Meldungen und Meinungen zur deutschen Au\u00dfenpolitik wahrzunehmen. <!--more--><br \/>\nHier einige Ausz\u00fcge aus den letzten \u201c<a href=\"http:\/\/www.german-foreign-policy.com\/\" target=\"_blank\"> Informationen zur deutschen Au\u00dfenpolitik<\/a>\u201c :<\/p>\n<blockquote><p>Ex-Bundeskanzler Helmut Schmidt warnt vor einem Waffengang zwischen Russland und dem Westen.<\/p>\n<p>Die j\u00fcdische Gemeinde Thessalonikis gedenkt der etwa 50.000 Deportierten, die ab 15. M\u00e4rz 1943 in 19 Bahntransporten mit jeweils 40 G\u00fcterwagen in die Vernichtungslager Auschwitz und Treblinka verschleppt wurden.<\/p>\n<p>Berlin bef\u00fcrwortet k\u00fcnftige Auslandseins\u00e4tze der japanischen Armee.<br \/>\nTrotz massiver Vorw\u00fcrfe wegen gravierender Menschenrechtsverletzungen st\u00e4rkt Berlin seine Kooperation mit den arabischen Diktaturen am Persischen Golf.<\/p>\n<p>EU-Kommissionspr\u00e4sident Jean-Claude Juncker schlie\u00dft sich einer langj\u00e4hrigen deutschen Forderung an und pl\u00e4diert f\u00fcr den Aufbau einer EU-Armee.<\/p>\n<p>Das Bundeskanzleramt wirft dem Oberbefehlshaber der NATO in Europa, Philip M. Breedlove, &#8220;gef\u00e4hrliche Propaganda&#8221; vor. Das berichtet &#8220;Der Spiegel&#8221; in seiner aktuellen Ausgabe. Demnach stellt Breedlove der Bundesregierung zufolge die milit\u00e4rischen Aktivit\u00e4ten Russlands in der Ostukraine v\u00f6llig \u00fcberzogen dar;<\/p>\n<p>Dar\u00fcber hinaus r\u00e4umt die Bundesregierung in ihrer Antwort ausdr\u00fccklich ein, dass in der Zeit der deutschen Spardiktate das Bruttoinlandsprodukt Griechenlands um gut ein Viertel eingebrochen ist, w\u00e4hrend die Staatsschulden sogar in absoluten Zahlen stiegen. Mit dem Verlangen, die griechischen Au\u00dfenst\u00e4nde sp\u00fcrbar zu senken, hatte Berlin seine Austerit\u00e4tspolitik legitimiert.<\/p>\n<p>Die Japan-Reise der deutschen Kanzlerin Anfang n\u00e4chster Woche findet in einer Phase des Ausbaus milit\u00e4rischer Beziehungen zwischen Berlin und Tokio statt. Vor allem die deutsche Marine kooperiert regelm\u00e4\u00dfig mit den japanischen Seestreitkr\u00e4ften, mit denen sie am Horn von Afrika taktische Man\u00f6ver durchf\u00fchrt.<\/p><\/blockquote>\n<p>Der Blog\u00a0 <a href=\"http:\/\/www.german-foreign-policy.com\/\" target=\"_blank\">German-Foreign-Policy.com<\/a> ist verf\u00fcgbar in deutscher, englischer, polnischer und franz\u00f6sischer Sprache und kann kostenlos abonniert werden.<\/p>\n<p class=\"wpf_wrapper\"><a class=\"print_link\" href=\"\" target=\"_blank\">Drucken<\/a><\/p><!-- .wpf_wrapper --><div class=\"twoclick_social_bookmarks_post_1870 social_share_privacy clearfix 1.6.4 locale-de_DE sprite-de_DE\"><\/div><div class=\"twoclick-js\"><script type=\"text\/javascript\">\/* <![CDATA[ *\/\njQuery(document).ready(function($){if($('.twoclick_social_bookmarks_post_1870')){$('.twoclick_social_bookmarks_post_1870').socialSharePrivacy({\"services\":{\"facebook\":{\"status\":\"on\",\"txt_info\":\"2 Klicks f\\u00fcr mehr Datenschutz: Erst wenn Sie hier klicken, wird der Button aktiv und Sie k\\u00f6nnen Ihre Empfehlung an Facebook senden. Schon beim Aktivieren werden Daten an Dritte \\u00fcbertragen - siehe <em>i<\\\/em>.\",\"perma_option\":\"off\",\"action\":\"recommend\",\"language\":\"de_DE\"},\"twitter\":{\"reply_to\":\"\",\"tweet_text\":\"%20Deutsche%20Au%C3%9Fenpolitik%20%E2%80%93%20mal%20anders%20gesehen%20%C2%BB%20Nachdenken%20in%20M%C3%BCnchen%20...\",\"status\":\"on\",\"txt_info\":\"2 Klicks f\\u00fcr mehr Datenschutz: Erst wenn Sie hier klicken, wird der Button aktiv und Sie k\\u00f6nnen Ihre Empfehlung an Twitter senden. Schon beim Aktivieren werden Daten an Dritte \\u00fcbertragen - siehe <em>i<\\\/em>.\",\"perma_option\":\"off\",\"language\":\"de\",\"referrer_track\":\"\"},\"gplus\":{\"status\":\"on\",\"txt_info\":\"2 Klicks f\\u00fcr mehr Datenschutz: Erst wenn Sie hier klicken, wird der Button aktiv und Sie k\\u00f6nnen Ihre Empfehlung an Google+ senden. Schon beim Aktivieren werden Daten an Dritte \\u00fcbertragen - siehe <em>i<\\\/em>.\",\"perma_option\":\"off\",\"referrer_track\":\"\"}},\"txt_help\":\"Wenn Sie diese Felder durch einen Klick aktivieren, werden Informationen an Facebook, Twitter, Flattr, Xing, t3n, LinkedIn, Pinterest oder Google eventuell ins Ausland \\u00fcbertragen und unter Umst\\u00e4nden auch dort gespeichert. N\\u00e4heres erfahren Sie durch einen Klick auf das <em>i<\\\/em>.\",\"settings_perma\":\"Dauerhaft aktivieren und Daten\\u00fcber-tragung zustimmen:\",\"info_link\":\"http:\\\/\\\/www.heise.de\\\/ct\\\/artikel\\\/2-Klicks-fuer-mehr-Datenschutz-1333879.html\",\"uri\":\"https:\\\/\\\/nachdenken-in-muenchen.de\\\/?p=1870\",\"post_id\":1870,\"post_title_referrer_track\":\"Deutsche+Au%C3%9Fenpolitik+%E2%80%93+mal+anders+gesehen\",\"display_infobox\":\"on\"});}});\n\/* ]]> *\/<\/script><\/div>","protected":false},"excerpt":{"rendered":"<p>Viele unserer Medien pr\u00e4gen ein einseitiges Bild der deutschen Au\u00dfenpolitik: Sie unterst\u00fctzen die Austerit\u00e4tspolitik gegen\u00fcber den s\u00fcdeurop\u00e4ischen Staaten, sie verschweigen die Fehler des Westens in der Ukrainepolitik, sie propagieren mehr \u2013 auch milit\u00e4risches \u2013 Engagement der Bundesrepublik, sie fordern Waffenexporte in Krisengebiete. Da ist es gut, t\u00e4glich alternative Meldungen und Meinungen zur deutschen Au\u00dfenpolitik wahrzunehmen. [&hellip;]<\/p>\n","protected":false},"author":3,"featured_media":0,"comment_status":"open","ping_status":"open","sticky":false,"template":"","format":"standard","meta":{"jetpack_post_was_ever_published":false,"_jetpack_newsletter_access":"","_jetpack_dont_email_post_to_subs":false,"_jetpack_newsletter_tier_id":0,"_jetpack_memberships_contains_paywalled_content":false,"_jetpack_memberships_contains_paid_content":false,"footnotes":"","jetpack_publicize_message":"","jetpack_publicize_feature_enabled":true,"jetpack_social_post_already_shared":true,"jetpack_social_options":{"image_generator_settings":{"template":"highway","default_image_id":0,"font":"","enabled":false},"version":2}},"categories":[2,4],"tags":[25,119],"coauthors":[],"class_list":["post-1870","post","type-post","status-publish","format-standard","hentry","category-allgemeines","category-gesellschaft","tag-aussenpolitik","tag-medien"],"jetpack_publicize_connections":[],"jetpack_featured_media_url":"","jetpack_sharing_enabled":true,"jetpack_shortlink":"https:\/\/wp.me\/p4UEhA-ua","_links":{"self":[{"href":"https:\/\/nachdenken-in-muenchen.de\/index.php?rest_route=\/wp\/v2\/posts\/1870","targetHints":{"allow":["GET"]}}],"collection":[{"href":"https:\/\/nachdenken-in-muenchen.de\/index.php?rest_route=\/wp\/v2\/posts"}],"about":[{"href":"https:\/\/nachdenken-in-muenchen.de\/index.php?rest_route=\/wp\/v2\/types\/post"}],"author":[{"embeddable":true,"href":"https:\/\/nachdenken-in-muenchen.de\/index.php?rest_route=\/wp\/v2\/users\/3"}],"replies":[{"embeddable":true,"href":"https:\/\/nachdenken-in-muenchen.de\/index.php?rest_route=%2Fwp%2Fv2%2Fcomments&post=1870"}],"version-history":[{"count":0,"href":"https:\/\/nachdenken-in-muenchen.de\/index.php?rest_route=\/wp\/v2\/posts\/1870\/revisions"}],"wp:attachment":[{"href":"https:\/\/nachdenken-in-muenchen.de\/index.php?rest_route=%2Fwp%2Fv2%2Fmedia&parent=1870"}],"wp:term":[{"taxonomy":"category","embeddable":true,"href":"https:\/\/nachdenken-in-muenchen.de\/index.php?rest_route=%2Fwp%2Fv2%2Fcategories&post=1870"},{"taxonomy":"post_tag","embeddable":true,"href":"https:\/\/nachdenken-in-muenchen.de\/index.php?rest_route=%2Fwp%2Fv2%2Ftags&post=1870"},{"taxonomy":"author","embeddable":true,"href":"https:\/\/nachdenken-in-muenchen.de\/index.php?rest_route=%2Fwp%2Fv2%2Fcoauthors&post=1870"}],"curies":[{"name":"wp","href":"https:\/\/api.w.org\/{rel}","templated":true}]}}