{"id":1290,"date":"2014-11-23T23:45:22","date_gmt":"2014-11-23T22:45:22","guid":{"rendered":"http:\/\/nachdenken-in-muenchen.de\/?p=1290"},"modified":"2014-11-23T23:45:22","modified_gmt":"2014-11-23T22:45:22","slug":"jakob-von-uexkuell-zum-politischen-engagement","status":"publish","type":"post","link":"https:\/\/nachdenken-in-muenchen.de\/?p=1290","title":{"rendered":"Jakob von Uexk\u00fcll zum politischen Engagement"},"content":{"rendered":"<div style=\"width: 170px\" class=\"wp-caption alignnone\"><img loading=\"lazy\" decoding=\"async\" src=\"https:\/\/upload.wikimedia.org\/wikipedia\/commons\/thumb\/b\/b8\/Jakob_von_Uexkull_portrait.JPG\/320px-Jakob_von_Uexkull_portrait.JPG\" alt=\"Jakob von Uexkull\" width=\"160\" height=\"240\" \/><p class=\"wp-caption-text\">Foto: World Future Council \/ CC-BY-30<\/p><\/div>\n<blockquote><p>&#8220;Wir m\u00fcssen politische Ver\u00e4nderungen durchsetzen, zum Beispiel eine tief greifende \u00f6kologische Steuerreform. Es sollte all das besteuert, also teurer gemacht werden, was knapp ist, und nicht mehr das, wovon wir mehr haben wollen, n\u00e4mlich Arbeit. (&#8230;)<\/p>\n<p>Der Schl\u00fcssel ist, sich politisch zu engagieren, sei es im Gemeinderat oder auf nationaler Ebene. Man muss mit den Parlamentariern sprechen, sie mit den richtigen Argumenten versorgen. Denn die anderen, die gro\u00dfen Unternehmen, die knappe Ressourcen so lange f\u00fcr sich behalten wollen, tun genau das. Sie haben ihre Think-Tanks und Vertreter in den Medien. (&#8230;)<br \/>\nWenn sich Menschen aus der Politik zur\u00fcckziehen, d\u00fcrfen sie eigentlich nicht \u00fcber Umweltzerst\u00f6rung und Klimawandel klagen. Denn sie haben es anderen \u00fcberlassen, die Rahmenbedingungen zu bestimmen. (&#8230;)<br \/>\nHeute hei\u00dft es, man muss idiotisch sein, um in die Politik zu gehen. Das ist eine ausgesprochen gef\u00e4hrliche Haltung.&#8221;<\/p><\/blockquote>\n<p><a href=\"https:\/\/de.wikipedia.org\/wiki\/Carl_Wolmar_Jakob_von_Uexk%C3%BCll\" target=\"_blank\">Jakob von Uexk\u00fcll<\/a>, Gr\u00fcnder des Alternativen Nobelpreises, im Interview mit der S\u00fcddeutschen Zeitung vom 15.\/16. November 2014: &#8220;Es wird Verteilungsk\u00e4mpfe geben&#8221; in der Beilage Innovative Technologien. Leider online nicht frei verf\u00fcgbar.<\/p>\n<p><small>Bildquelle: <a href=\"https:\/\/de.wikipedia.org\/wiki\/Carl_Wolmar_Jakob_von_Uexk%C3%BCll#mediaviewer\/File:Jakob_von_Uexkull_portrait.JPG\" target=\"_blank\">World Future Council<\/a> \/ <a title=\"Creative Commons \u2014 Attribution 3.0 Unported \u2014 CC BY 3.0\" href=\"https:\/\/creativecommons.org\/licenses\/by\/3.0\/\" target=\"_blank\">CC BY 3.0<\/a><\/small><\/p>\n<a href=\"https:\/\/nachdenken-in-muenchen.de\/?p=1290&amp;wp_email_popup=1\" onclick=\"email_popup(this.href); return false;\"  title=\"Beitrag versenden\" rel=\"nofollow\">Beitrag versenden<\/a>\n<p class=\"wpf_wrapper\"><a class=\"print_link\" href=\"\" target=\"_blank\">Drucken<\/a><\/p><!-- .wpf_wrapper --><div class=\"twoclick_social_bookmarks_post_1290 social_share_privacy clearfix 1.6.4 locale-de_DE sprite-de_DE\"><\/div><div class=\"twoclick-js\"><script type=\"text\/javascript\">\/* <![CDATA[ *\/\njQuery(document).ready(function($){if($('.twoclick_social_bookmarks_post_1290')){$('.twoclick_social_bookmarks_post_1290').socialSharePrivacy({\"services\":{\"facebook\":{\"status\":\"on\",\"txt_info\":\"2 Klicks f\\u00fcr mehr Datenschutz: Erst wenn Sie hier klicken, wird der Button aktiv und Sie k\\u00f6nnen Ihre Empfehlung an Facebook senden. Schon beim Aktivieren werden Daten an Dritte \\u00fcbertragen - siehe <em>i<\\\/em>.\",\"perma_option\":\"off\",\"action\":\"recommend\",\"language\":\"de_DE\"},\"twitter\":{\"reply_to\":\"\",\"tweet_text\":\"%20Jakob%20von%20Uexk%C3%BCll%20zum%20politischen%20Engagement%20%C2%BB%20Nachdenken%20in%20M%C3%BCnchen%20...\",\"status\":\"on\",\"txt_info\":\"2 Klicks f\\u00fcr mehr Datenschutz: Erst wenn Sie hier klicken, wird der Button aktiv und Sie k\\u00f6nnen Ihre Empfehlung an Twitter senden. Schon beim Aktivieren werden Daten an Dritte \\u00fcbertragen - siehe <em>i<\\\/em>.\",\"perma_option\":\"off\",\"language\":\"de\",\"referrer_track\":\"\"},\"gplus\":{\"status\":\"on\",\"txt_info\":\"2 Klicks f\\u00fcr mehr Datenschutz: Erst wenn Sie hier klicken, wird der Button aktiv und Sie k\\u00f6nnen Ihre Empfehlung an Google+ senden. Schon beim Aktivieren werden Daten an Dritte \\u00fcbertragen - siehe <em>i<\\\/em>.\",\"perma_option\":\"off\",\"referrer_track\":\"\"}},\"txt_help\":\"Wenn Sie diese Felder durch einen Klick aktivieren, werden Informationen an Facebook, Twitter, Flattr, Xing, t3n, LinkedIn, Pinterest oder Google eventuell ins Ausland \\u00fcbertragen und unter Umst\\u00e4nden auch dort gespeichert. N\\u00e4heres erfahren Sie durch einen Klick auf das <em>i<\\\/em>.\",\"settings_perma\":\"Dauerhaft aktivieren und Daten\\u00fcber-tragung zustimmen:\",\"info_link\":\"http:\\\/\\\/www.heise.de\\\/ct\\\/artikel\\\/2-Klicks-fuer-mehr-Datenschutz-1333879.html\",\"uri\":\"https:\\\/\\\/nachdenken-in-muenchen.de\\\/?p=1290\",\"post_id\":1290,\"post_title_referrer_track\":\"Jakob+von+Uexk%C3%BCll+zum+politischen+Engagement\",\"display_infobox\":\"on\"});}});\n\/* ]]> *\/<\/script><\/div>","protected":false},"excerpt":{"rendered":"<p>&#8220;Wir m\u00fcssen politische Ver\u00e4nderungen durchsetzen, zum Beispiel eine tief greifende \u00f6kologische Steuerreform. Es sollte all das besteuert, also teurer gemacht werden, was knapp ist, und nicht mehr das, wovon wir mehr haben wollen, n\u00e4mlich Arbeit. (&#8230;) Der Schl\u00fcssel ist, sich politisch zu engagieren, sei es im Gemeinderat oder auf nationaler Ebene. Man muss mit den [&hellip;]<\/p>\n","protected":false},"author":4,"featured_media":0,"comment_status":"open","ping_status":"open","sticky":false,"template":"","format":"standard","meta":{"jetpack_post_was_ever_published":false,"_jetpack_newsletter_access":"","_jetpack_dont_email_post_to_subs":false,"_jetpack_newsletter_tier_id":0,"_jetpack_memberships_contains_paywalled_content":false,"_jetpack_memberships_contains_paid_content":false,"footnotes":"","jetpack_publicize_message":"","jetpack_publicize_feature_enabled":true,"jetpack_social_post_already_shared":true,"jetpack_social_options":{"image_generator_settings":{"template":"highway","default_image_id":0,"font":"","enabled":false},"version":2}},"categories":[2,3],"tags":[47,54,102,177],"coauthors":[],"class_list":["post-1290","post","type-post","status-publish","format-standard","hentry","category-allgemeines","category-demokratie","tag-demokratie","tag-engagement","tag-klimawandel","tag-umwelt"],"jetpack_publicize_connections":[],"jetpack_featured_media_url":"","jetpack_sharing_enabled":true,"jetpack_shortlink":"https:\/\/wp.me\/p4UEhA-kO","_links":{"self":[{"href":"https:\/\/nachdenken-in-muenchen.de\/index.php?rest_route=\/wp\/v2\/posts\/1290","targetHints":{"allow":["GET"]}}],"collection":[{"href":"https:\/\/nachdenken-in-muenchen.de\/index.php?rest_route=\/wp\/v2\/posts"}],"about":[{"href":"https:\/\/nachdenken-in-muenchen.de\/index.php?rest_route=\/wp\/v2\/types\/post"}],"author":[{"embeddable":true,"href":"https:\/\/nachdenken-in-muenchen.de\/index.php?rest_route=\/wp\/v2\/users\/4"}],"replies":[{"embeddable":true,"href":"https:\/\/nachdenken-in-muenchen.de\/index.php?rest_route=%2Fwp%2Fv2%2Fcomments&post=1290"}],"version-history":[{"count":0,"href":"https:\/\/nachdenken-in-muenchen.de\/index.php?rest_route=\/wp\/v2\/posts\/1290\/revisions"}],"wp:attachment":[{"href":"https:\/\/nachdenken-in-muenchen.de\/index.php?rest_route=%2Fwp%2Fv2%2Fmedia&parent=1290"}],"wp:term":[{"taxonomy":"category","embeddable":true,"href":"https:\/\/nachdenken-in-muenchen.de\/index.php?rest_route=%2Fwp%2Fv2%2Fcategories&post=1290"},{"taxonomy":"post_tag","embeddable":true,"href":"https:\/\/nachdenken-in-muenchen.de\/index.php?rest_route=%2Fwp%2Fv2%2Ftags&post=1290"},{"taxonomy":"author","embeddable":true,"href":"https:\/\/nachdenken-in-muenchen.de\/index.php?rest_route=%2Fwp%2Fv2%2Fcoauthors&post=1290"}],"curies":[{"name":"wp","href":"https:\/\/api.w.org\/{rel}","templated":true}]}}