{"id":1229,"date":"2014-11-15T16:49:35","date_gmt":"2014-11-15T15:49:35","guid":{"rendered":"http:\/\/nachdenken-in-muenchen.de\/?p=1229"},"modified":"2014-11-15T16:49:35","modified_gmt":"2014-11-15T15:49:35","slug":"die-blinden-richter-von-hannover","status":"publish","type":"post","link":"https:\/\/nachdenken-in-muenchen.de\/?p=1229","title":{"rendered":"Die blinden Richter von Hannover"},"content":{"rendered":"<div style=\"width: 208px\" class=\"wp-caption alignnone\"><a href=\"https:\/\/farm8.staticflickr.com\/7583\/15748584011_f6a3512111_z.jpg\"><img loading=\"lazy\" decoding=\"async\" src=\"https:\/\/farm8.staticflickr.com\/7583\/15748584011_f6a3512111_m.jpg\" alt=\"NoHoGeSa 09.11.14\" width=\"198\" height=\"240\" \/><\/a><p class=\"wp-caption-text\">Foto: greeny thekid \/ CC BY-NC-SA 2.0<\/p><\/div>\n<p>Auch wenn viele Medien uns eine andere Wirklichkeit schildern wollen, die gr\u00f6\u00dfte extreme Gefahr in der BRD kommt von rechts, das hat nicht zuletzt die Aufkl\u00e4rung und die Aufarbeitung\u00a0 der NSU-Mordserie gezeigt.<\/p>\n<p><a href=\"https:\/\/www.facebook.com\/JuergenTodenhoefer?fref=ts\" target=\"_blank\">J\u00fcrgen Todenh\u00f6fer<\/a> erinnert daran, dass es fast 10.000 gewaltbereite Rechtsextremisten in unserem Lande gibt:<!--more--><\/p>\n<blockquote><p>&#8220;Was diese Hooligans und Rechtsradikalen zusammenh\u00e4lt, ist laut NRW-Innenminister Ralf J\u00e4ger &#8220;Islamfeindlichkeit, Fremdenfeindlichkeit und Gewaltbereitschaft&#8221;. Salafisten und IS sind nur ein Vorwand, ein Alibi. Offen wurde vor der Demo in K\u00f6ln im Internet als Ziel die &#8220;komplette Vertreibung des Islam&#8221; genannt. In Hannover geht es daher nicht wirklich gegen Salafisten, sondern gegen den Islam. Das macht die Entscheidung des Gerichts so dramatisch falsch. Aber es passt zur Islamfeindlichkeit einiger Politiker und Publizisten unserer Zeit.<br \/>\nFast t\u00e4glich wird in Deutschland vor &#8216;islamistischem&#8217; und neuerdings vor salafistischem Terror gewarnt. Fast nie vor rechtsradikalen Gewalttaten. Obwohl immer wieder deutsche Muslime durch Rechtsradikale ermordet wurden. Ich erinnere an M\u00f6lln, Dresden und die NSU-Morde. Kein einziger Deutscher ist bis heute von einem muslimischen Terroristen in Deutschland get\u00f6tet worden.&#8221;<\/p>\n<p>&#8220;Ich bin kein Anh\u00e4nger der Salafisten. Aber ein Anh\u00e4nger von Fakten. Nach Angaben offizieller staatlicher Stellen gibt es in Deutschland 6.700 Salafisten. Davon gelten 1.100 als gewaltbereit.<br \/>\nGleichzeitig gibt es in Deutschland jedoch 22.700 Rechtsextremisten. 9.600 von ihnen gelten als gewaltbereit. Schade, dass unsere Politiker, Medien und Gerichte nicht erkennen, wo die gr\u00f6\u00dften Gefahren f\u00fcr die innere Sicherheit unseres Landes liegen.&#8221;<\/p>\n<p>&#8220;Unseren muslimischen Mitb\u00fcrgern aber rate ich: Lasst Euch von diesen ideologischen Rassisten nicht provozieren. Was st\u00f6rt es den Mond, wenn ihn der Hund anbellt? Euer JT&#8221;<\/p><\/blockquote>\n<p>Die <a title=\"Hat der Verfassungsschutz das NSU-Trio finanziert?\" href=\"http:\/\/nachdenken-in-muenchen.de\/?p=315\">Auflk\u00e4rung der NSU-Morde<\/a> hatte sich verz\u00f6gert, weil die Hintergr\u00fcnde der Taten zun\u00e4chst im Rotlicht- und Drogennmilieu angesiedelt wurden. Es hat viele Pannen gegeben und mehrere parlamentarische Untersuchungsaussch\u00fcsse. Im Brennpunkt steht der Verfassungsschutz, der die NSU unterwandert und unterst\u00fctzt hat.<\/p>\n<p>Mehr zu J\u00fcrgen Todenh\u00f6fer: <a href=\"http:\/\/www.juergentodenhoefer.de\/\" target=\"_blank\">Hier<\/a><\/p>\n<p><small>Bildquelle: <a href=\"https:\/\/www.flickr.com\/photos\/greenythekid\/15748584011\/in\/photolist-5C4975-5C49kA-5BYPgX-5BYPqD-5BYPpv-5BYPEx-5BYPAe-5C49i7-5C498A-5C49Bh-5C495s-5C49uL-5C49aY-5BYPnX-5BYPze-5BYPdH-5BYPeB-pXHFjS-pXJ17m-pHqPWS-pXHLbL-p43imG-p42yth-p45ZdF-pZXvUW-pHoGN8-p42K3o-pZDBmx-p46cp4-pZDZFx-pzyMGf-5BYPi4-5C49vL-5BYPfF-5BYPtZ-5C49wQ-5C499L-5C49qu-5BYPv4-5BYPBa-5C49rw-5C49As-pHp8fK-5C49DW-dXsnYL-fdzmBV-9psVym-dyx8xL-j3cxj-dY2tiK\" target=\"_blank\">greeny thekid<\/a> \/ <a href=\"https:\/\/creativecommons.org\/licenses\/by-nc-sa\/2.0\/\" target=\"_blank\">CC BY-NC-SA 2.0<\/a><\/small><\/p>\n<a href=\"https:\/\/nachdenken-in-muenchen.de\/?p=1229&amp;wp_email_popup=1\" onclick=\"email_popup(this.href); return false;\"  title=\"Beitrag versenden\" rel=\"nofollow\">Beitrag versenden<\/a>\n<p class=\"wpf_wrapper\"><a class=\"print_link\" href=\"\" target=\"_blank\">Drucken<\/a><\/p><!-- .wpf_wrapper --><div class=\"twoclick_social_bookmarks_post_1229 social_share_privacy clearfix 1.6.4 locale-de_DE sprite-de_DE\"><\/div><div class=\"twoclick-js\"><script type=\"text\/javascript\">\/* <![CDATA[ *\/\njQuery(document).ready(function($){if($('.twoclick_social_bookmarks_post_1229')){$('.twoclick_social_bookmarks_post_1229').socialSharePrivacy({\"services\":{\"facebook\":{\"status\":\"on\",\"txt_info\":\"2 Klicks f\\u00fcr mehr Datenschutz: Erst wenn Sie hier klicken, wird der Button aktiv und Sie k\\u00f6nnen Ihre Empfehlung an Facebook senden. Schon beim Aktivieren werden Daten an Dritte \\u00fcbertragen - siehe <em>i<\\\/em>.\",\"perma_option\":\"off\",\"action\":\"recommend\",\"language\":\"de_DE\"},\"twitter\":{\"reply_to\":\"\",\"tweet_text\":\"%20Die%20blinden%20Richter%20von%20Hannover%20%C2%BB%20Nachdenken%20in%20M%C3%BCnchen%20%23Islam%20%23NSU%20...\",\"status\":\"on\",\"txt_info\":\"2 Klicks f\\u00fcr mehr Datenschutz: Erst wenn Sie hier klicken, wird der Button aktiv und Sie k\\u00f6nnen Ihre Empfehlung an Twitter senden. Schon beim Aktivieren werden Daten an Dritte \\u00fcbertragen - siehe <em>i<\\\/em>.\",\"perma_option\":\"off\",\"language\":\"de\",\"referrer_track\":\"\"},\"gplus\":{\"status\":\"on\",\"txt_info\":\"2 Klicks f\\u00fcr mehr Datenschutz: Erst wenn Sie hier klicken, wird der Button aktiv und Sie k\\u00f6nnen Ihre Empfehlung an Google+ senden. Schon beim Aktivieren werden Daten an Dritte \\u00fcbertragen - siehe <em>i<\\\/em>.\",\"perma_option\":\"off\",\"referrer_track\":\"\"}},\"txt_help\":\"Wenn Sie diese Felder durch einen Klick aktivieren, werden Informationen an Facebook, Twitter, Flattr, Xing, t3n, LinkedIn, Pinterest oder Google eventuell ins Ausland \\u00fcbertragen und unter Umst\\u00e4nden auch dort gespeichert. N\\u00e4heres erfahren Sie durch einen Klick auf das <em>i<\\\/em>.\",\"settings_perma\":\"Dauerhaft aktivieren und Daten\\u00fcber-tragung zustimmen:\",\"info_link\":\"http:\\\/\\\/www.heise.de\\\/ct\\\/artikel\\\/2-Klicks-fuer-mehr-Datenschutz-1333879.html\",\"uri\":\"https:\\\/\\\/nachdenken-in-muenchen.de\\\/?p=1229\",\"post_id\":1229,\"post_title_referrer_track\":\"Die+blinden+Richter+von+Hannover\",\"display_infobox\":\"on\"});}});\n\/* ]]> *\/<\/script><\/div>","protected":false},"excerpt":{"rendered":"<p>Auch wenn viele Medien uns eine andere Wirklichkeit schildern wollen, die gr\u00f6\u00dfte extreme Gefahr in der BRD kommt von rechts, das hat nicht zuletzt die Aufkl\u00e4rung und die Aufarbeitung\u00a0 der NSU-Mordserie gezeigt. J\u00fcrgen Todenh\u00f6fer erinnert daran, dass es fast 10.000 gewaltbereite Rechtsextremisten in unserem Lande gibt: Drucken<\/p>\n","protected":false},"author":3,"featured_media":0,"comment_status":"open","ping_status":"open","sticky":false,"template":"","format":"standard","meta":{"jetpack_post_was_ever_published":false,"_jetpack_newsletter_access":"","_jetpack_dont_email_post_to_subs":false,"_jetpack_newsletter_tier_id":0,"_jetpack_memberships_contains_paywalled_content":false,"_jetpack_memberships_contains_paid_content":false,"footnotes":"","jetpack_publicize_message":"","jetpack_publicize_feature_enabled":true,"jetpack_social_post_already_shared":true,"jetpack_social_options":{"image_generator_settings":{"template":"highway","default_image_id":0,"font":"","enabled":false},"version":2}},"categories":[2],"tags":[95,136,145,146],"coauthors":[],"class_list":["post-1229","post","type-post","status-publish","format-standard","hentry","category-allgemeines","tag-islam","tag-nsu","tag-rassismus","tag-rechtsextremismus"],"jetpack_publicize_connections":[],"jetpack_featured_media_url":"","jetpack_sharing_enabled":true,"jetpack_shortlink":"https:\/\/wp.me\/p4UEhA-jP","_links":{"self":[{"href":"https:\/\/nachdenken-in-muenchen.de\/index.php?rest_route=\/wp\/v2\/posts\/1229","targetHints":{"allow":["GET"]}}],"collection":[{"href":"https:\/\/nachdenken-in-muenchen.de\/index.php?rest_route=\/wp\/v2\/posts"}],"about":[{"href":"https:\/\/nachdenken-in-muenchen.de\/index.php?rest_route=\/wp\/v2\/types\/post"}],"author":[{"embeddable":true,"href":"https:\/\/nachdenken-in-muenchen.de\/index.php?rest_route=\/wp\/v2\/users\/3"}],"replies":[{"embeddable":true,"href":"https:\/\/nachdenken-in-muenchen.de\/index.php?rest_route=%2Fwp%2Fv2%2Fcomments&post=1229"}],"version-history":[{"count":0,"href":"https:\/\/nachdenken-in-muenchen.de\/index.php?rest_route=\/wp\/v2\/posts\/1229\/revisions"}],"wp:attachment":[{"href":"https:\/\/nachdenken-in-muenchen.de\/index.php?rest_route=%2Fwp%2Fv2%2Fmedia&parent=1229"}],"wp:term":[{"taxonomy":"category","embeddable":true,"href":"https:\/\/nachdenken-in-muenchen.de\/index.php?rest_route=%2Fwp%2Fv2%2Fcategories&post=1229"},{"taxonomy":"post_tag","embeddable":true,"href":"https:\/\/nachdenken-in-muenchen.de\/index.php?rest_route=%2Fwp%2Fv2%2Ftags&post=1229"},{"taxonomy":"author","embeddable":true,"href":"https:\/\/nachdenken-in-muenchen.de\/index.php?rest_route=%2Fwp%2Fv2%2Fcoauthors&post=1229"}],"curies":[{"name":"wp","href":"https:\/\/api.w.org\/{rel}","templated":true}]}}