{"id":1221,"date":"2014-11-14T09:37:32","date_gmt":"2014-11-14T08:37:32","guid":{"rendered":"http:\/\/nachdenken-in-muenchen.de\/?p=1221"},"modified":"2014-11-14T09:37:32","modified_gmt":"2014-11-14T08:37:32","slug":"vermoegenssteuer-jetzt","status":"publish","type":"post","link":"https:\/\/nachdenken-in-muenchen.de\/?p=1221","title":{"rendered":"Verm\u00f6genssteuer jetzt!"},"content":{"rendered":"<div class=\"Initiatoren\">\n<p>vielleicht gerade jetzt unterst\u00fctzen, wo <a title=\"c. Gabriel h\u00e4lt Verm\u00f6genssteuer f\u00fcr tot\" href=\"http:\/\/www.nachdenkseiten.de\/?p=23879#h05\" target=\"_blank\">Gabriel <\/a>die Einf\u00fchrung einer Verm\u00f6genssteuer ad acta legen will&#8230;<\/p>\n<p><strong>Es rufen auf:<\/strong><\/p>\n<ul>\n<li><strong>Prof. Dr. Friedhelm Hengsbach, SJ<\/strong> <a href=\"http:\/\/www.sankt-georgen.de\/nbi\/institut-wirtschaftsethik\/\" target=\"_blank\">Nell-Breuning-Institut<\/a><\/li>\n<li><strong>Prof. Dr. Rudolf Hickel,<\/strong> <a href=\"http:\/\/www.alternative-wirtschaftspolitik.de\/\" target=\"_blank\">Arbeitsgruppe Alternative Wirtschaftspolitik<\/a><\/li>\n<li><strong>Detlev von Larcher,<\/strong> <a href=\"http:\/\/www.attac.de\/\" target=\"_blank\">Attac<\/a><\/li>\n<li><strong>Wolfgang Lieb,<\/strong> <a href=\"http:\/\/www.nachdenkseiten.de\/\" target=\"_blank\">www.Nachdenkseiten.de<\/a><\/li>\n<li><strong>Nicola Liebert,<\/strong> <a href=\"http:\/\/www.taxjustice.net\/cms\/front_content.php?idcat=2&amp;idart=2&amp;client=1&amp;changelang=2\" target=\"_blank\">Tax Justice Network<\/a><\/li>\n<li><strong>Wolfgang Pieper,<\/strong> <a href=\"http:\/\/www.verdi.de\/\" target=\"_blank\">ver.di<\/a>, Leiter Grundsatz und Vorstandssekret\u00e4r<\/li>\n<li><strong>Ernst Prost,<\/strong> Gesch\u00e4ftsf\u00fchrer der Liqui Moly GmbH<\/li>\n<\/ul>\n<p>&nbsp;<\/p>\n<\/div>\n<p><a href=\"http:\/\/www.vermoegensteuerjetzt.de\/\" target=\"_blank\"><img decoding=\"async\" style=\"border: 0;\" src=\"http:\/\/www.vermoegensteuerjetzt.de\/images\/banner234X160.png\" alt=\"Verm\u00f6gensteuer jetzt!\" \/><\/a><\/p>\n<a href=\"https:\/\/nachdenken-in-muenchen.de\/?p=1221&amp;wp_email_popup=1\" onclick=\"email_popup(this.href); return false;\"  title=\"Beitrag versenden\" rel=\"nofollow\">Beitrag versenden<\/a>\n<p class=\"wpf_wrapper\"><a class=\"print_link\" href=\"\" target=\"_blank\">Drucken<\/a><\/p><!-- .wpf_wrapper --><div class=\"twoclick_social_bookmarks_post_1221 social_share_privacy clearfix 1.6.4 locale-de_DE sprite-de_DE\"><\/div><div class=\"twoclick-js\"><script type=\"text\/javascript\">\/* <![CDATA[ *\/\njQuery(document).ready(function($){if($('.twoclick_social_bookmarks_post_1221')){$('.twoclick_social_bookmarks_post_1221').socialSharePrivacy({\"services\":{\"facebook\":{\"status\":\"on\",\"txt_info\":\"2 Klicks f\\u00fcr mehr Datenschutz: Erst wenn Sie hier klicken, wird der Button aktiv und Sie k\\u00f6nnen Ihre Empfehlung an Facebook senden. Schon beim Aktivieren werden Daten an Dritte \\u00fcbertragen - siehe <em>i<\\\/em>.\",\"perma_option\":\"off\",\"action\":\"recommend\",\"language\":\"de_DE\"},\"twitter\":{\"reply_to\":\"\",\"tweet_text\":\"%20Verm%C3%B6genssteuer%20jetzt%21%20%C2%BB%20Nachdenken%20in%20M%C3%BCnchen%20%23Hinweise%20des%20Tages%20...\",\"status\":\"on\",\"txt_info\":\"2 Klicks f\\u00fcr mehr Datenschutz: Erst wenn Sie hier klicken, wird der Button aktiv und Sie k\\u00f6nnen Ihre Empfehlung an Twitter senden. Schon beim Aktivieren werden Daten an Dritte \\u00fcbertragen - siehe <em>i<\\\/em>.\",\"perma_option\":\"off\",\"language\":\"de\",\"referrer_track\":\"\"},\"gplus\":{\"status\":\"on\",\"txt_info\":\"2 Klicks f\\u00fcr mehr Datenschutz: Erst wenn Sie hier klicken, wird der Button aktiv und Sie k\\u00f6nnen Ihre Empfehlung an Google+ senden. Schon beim Aktivieren werden Daten an Dritte \\u00fcbertragen - siehe <em>i<\\\/em>.\",\"perma_option\":\"off\",\"referrer_track\":\"\"}},\"txt_help\":\"Wenn Sie diese Felder durch einen Klick aktivieren, werden Informationen an Facebook, Twitter, Flattr, Xing, t3n, LinkedIn, Pinterest oder Google eventuell ins Ausland \\u00fcbertragen und unter Umst\\u00e4nden auch dort gespeichert. N\\u00e4heres erfahren Sie durch einen Klick auf das <em>i<\\\/em>.\",\"settings_perma\":\"Dauerhaft aktivieren und Daten\\u00fcber-tragung zustimmen:\",\"info_link\":\"http:\\\/\\\/www.heise.de\\\/ct\\\/artikel\\\/2-Klicks-fuer-mehr-Datenschutz-1333879.html\",\"uri\":\"https:\\\/\\\/nachdenken-in-muenchen.de\\\/?p=1221\",\"post_id\":1221,\"post_title_referrer_track\":\"Verm%C3%B6genssteuer+jetzt%21\",\"display_infobox\":\"on\"});}});\n\/* ]]> *\/<\/script><\/div>","protected":false},"excerpt":{"rendered":"<p>vielleicht gerade jetzt unterst\u00fctzen, wo Gabriel die Einf\u00fchrung einer Verm\u00f6genssteuer ad acta legen will&#8230; Es rufen auf: Prof. Dr. Friedhelm Hengsbach, SJ Nell-Breuning-Institut Prof. Dr. Rudolf Hickel, Arbeitsgruppe Alternative Wirtschaftspolitik Detlev von Larcher, Attac Wolfgang Lieb, www.Nachdenkseiten.de Nicola Liebert, Tax Justice Network Wolfgang Pieper, ver.di, Leiter Grundsatz und Vorstandssekret\u00e4r Ernst Prost, Gesch\u00e4ftsf\u00fchrer der Liqui Moly [&hellip;]<\/p>\n","protected":false},"author":4,"featured_media":0,"comment_status":"open","ping_status":"open","sticky":false,"template":"","format":"standard","meta":{"jetpack_post_was_ever_published":false,"_jetpack_newsletter_access":"","_jetpack_dont_email_post_to_subs":false,"_jetpack_newsletter_tier_id":0,"_jetpack_memberships_contains_paywalled_content":false,"_jetpack_memberships_contains_paid_content":false,"footnotes":"","jetpack_publicize_message":"","jetpack_publicize_feature_enabled":true,"jetpack_social_post_already_shared":true,"jetpack_social_options":{"image_generator_settings":{"template":"highway","default_image_id":0,"font":"","enabled":false},"version":2}},"categories":[2,7,8],"tags":[87,129,182],"coauthors":[],"class_list":["post-1221","post","type-post","status-publish","format-standard","hentry","category-allgemeines","category-sozialpolitik","category-volkswirtschaft","tag-hinweise-des-tages","tag-nachdenkseiten","tag-vermoegenssteuer"],"jetpack_publicize_connections":[],"jetpack_featured_media_url":"","jetpack_sharing_enabled":true,"jetpack_shortlink":"https:\/\/wp.me\/p4UEhA-jH","_links":{"self":[{"href":"https:\/\/nachdenken-in-muenchen.de\/index.php?rest_route=\/wp\/v2\/posts\/1221","targetHints":{"allow":["GET"]}}],"collection":[{"href":"https:\/\/nachdenken-in-muenchen.de\/index.php?rest_route=\/wp\/v2\/posts"}],"about":[{"href":"https:\/\/nachdenken-in-muenchen.de\/index.php?rest_route=\/wp\/v2\/types\/post"}],"author":[{"embeddable":true,"href":"https:\/\/nachdenken-in-muenchen.de\/index.php?rest_route=\/wp\/v2\/users\/4"}],"replies":[{"embeddable":true,"href":"https:\/\/nachdenken-in-muenchen.de\/index.php?rest_route=%2Fwp%2Fv2%2Fcomments&post=1221"}],"version-history":[{"count":0,"href":"https:\/\/nachdenken-in-muenchen.de\/index.php?rest_route=\/wp\/v2\/posts\/1221\/revisions"}],"wp:attachment":[{"href":"https:\/\/nachdenken-in-muenchen.de\/index.php?rest_route=%2Fwp%2Fv2%2Fmedia&parent=1221"}],"wp:term":[{"taxonomy":"category","embeddable":true,"href":"https:\/\/nachdenken-in-muenchen.de\/index.php?rest_route=%2Fwp%2Fv2%2Fcategories&post=1221"},{"taxonomy":"post_tag","embeddable":true,"href":"https:\/\/nachdenken-in-muenchen.de\/index.php?rest_route=%2Fwp%2Fv2%2Ftags&post=1221"},{"taxonomy":"author","embeddable":true,"href":"https:\/\/nachdenken-in-muenchen.de\/index.php?rest_route=%2Fwp%2Fv2%2Fcoauthors&post=1221"}],"curies":[{"name":"wp","href":"https:\/\/api.w.org\/{rel}","templated":true}]}}