{"id":1211,"date":"2014-11-13T10:22:30","date_gmt":"2014-11-13T09:22:30","guid":{"rendered":"http:\/\/nachdenken-in-muenchen.de\/?p=1211"},"modified":"2014-11-13T10:22:30","modified_gmt":"2014-11-13T09:22:30","slug":"haende-weg-vom-streikrecht","status":"publish","type":"post","link":"https:\/\/nachdenken-in-muenchen.de\/?p=1211","title":{"rendered":"H\u00e4nde weg vom Streikrecht"},"content":{"rendered":"<div style=\"width: 330px\" class=\"wp-caption alignnone\"><a href=\"https:\/\/farm4.staticflickr.com\/3954\/15550914666_5a28643256_b.jpg\"><img loading=\"lazy\" decoding=\"async\" src=\"https:\/\/farm4.staticflickr.com\/3954\/15550914666_5a28643256_n.jpg\" alt=\"\" width=\"320\" height=\"218\" \/><\/a><p class=\"wp-caption-text\">Foto: gynti_46 \/ CC BY-NC-SA 2.0<\/p><\/div>\n<blockquote><p>&#8220;Ein solches Gesetz zur Tarifeinheit, wie es Bundesarbeitsministerin Andrea Nahles (SPD) f\u00fcr den Herbst ank\u00fcndigt, hat viele Anh\u00e4nger. Unternehmen finden so ein Gesetz gut, Politiker, Arbeitgeberverb\u00e4nde und auch der DGB. Eine unheilige Allianz. Als w\u00fcrden sich katholische Kirche und Kondomhersteller zusammentun. Oder Alice Schwarzer und Rainer Br\u00fcderle. Die Motive sind unterschiedlich: Arbeitgeberverb\u00e4nde und Unternehmen wollen Ruhe und am liebsten gar keine Streiks. Der Gew<span class=\"text_exposed_show\">erkschaftsbund und so manche DGB-Gewerkschaft f\u00fcrchten Konkurrenz im Tarifgesch\u00e4ft von den Berufsgewerkschaften. Aber was ist dran an der Bef\u00fcrchtung, Deutschland w\u00fcrde durch viele kleine Gewerkschaften ins Streikchaos gest\u00fcrzt? Nichts. Deutschland ist beim Streiken Schlusslicht in Europa. Noch seltener auf die Stra\u00dfe gehen nur die Schweizer. (&#8230;)<\/span><\/p>\n<p>\u00bbUnd so kann man nur staunen, mit welcher Selbstverleugnung DGB-Gewerkschaften ein Streikverbot unterst\u00fctzen \u00ab, schreibt der ehemalige IG Medien-Vorsitzende Detlef Hensche.&#8221;<\/p>\n<p>Quelle: <a title=\"ver.di | Druck und Papier - Flucht in die Tarifeinheit?\" href=\"http:\/\/drupa.verdi.de\/archiv\/ausgaben-2014\/ausgabe-5-2014\/++co++47172c6a-5ec1-11e4-82ae-525400248a66\" target=\"_blank\">ver.di | Druck und Papier<\/a><\/p><\/blockquote>\n<div class=\"text_exposed_show\">\n<p>Die Auseinandersetzung rund um den Tarifkonflikt bei der Bahn hat eine gef\u00e4hrliche politische Dimension bekommen, es geht schon lange nicht mehr um den Streit zweier konkurrierender Gewerkschaften, n\u00e4mlich der <a class=\"tooltips\" title=\"Gewerkschaft Deutscher Lokomotivf\u00fchrer\" href=\"#\">GDL<\/a> und der <a class=\"tooltips\" title=\"Eisenbahn- und Verkehrsgewerkschaft\" href=\"#\">EVG<\/a>. Deshalb stellen wir hier einen Aufruf engagierter GewerkschafterInnen vor allem aus den Gewerkschaften <a class=\"tooltips\" title=\"Vereinte Dienstleistungsgewerkschaft\" href=\"#\">ver.di<\/a> und IG Metall vor.<br \/>\n<!--more--><br \/>\nDarin hei\u00dft es:<\/p>\n<blockquote><p>Ein Betrieb? Wer hat denn die gro\u00dfen ehemals bundeseigenen Betriebe Bahn, Post und Lufthansa privatisiert, filetiert und in viele St\u00fccke zerschlagen? Wer zerlegt denn permanent gro\u00dfe Betriebseinheiten durch Out-Sourcing, Teilverk\u00e4ufe, B\u00f6rseng\u00e4nge, Standortschlie\u00dfungen, Werkvertr\u00e4ge, Leiharbeit etc.? Waren es denn nicht die Konzerne und Banken, die Kapitalanlage-Fonds und Arbeitgeberverb\u00e4nde, die entsprechende Gesetze<br \/>\nforderten und durchsetzen konnten?<br \/>\nEine Gewerkschaft? Wer hat denn gro\u00dfe Belegschaften in viele kleine Einheiten gespalten und so eine gemeinsame Interessenvertretung der Besch\u00e4ftigten immer schwieriger gemacht? Wer hat denn vor dem Hintergrund der Hartz-Gesetze einzelne Besch\u00e4ftigte, kleinere Betriebseinheiten oder ganze Standorte erpresst und aus dem Fl\u00e4chentarif vertrieben? Und waren es nicht Unternehmensvorst\u00e4nde von Siemens oder Daimler,<br \/>\ndie mit reichlich krimineller Energie selbst Interessenverb\u00e4nde nach ihrem Willen gr\u00fcndeten und diese korrumpierten?<br \/>\nDie Arbeitgeber haben \u2013 meist Hand in Hand mit allen Bundesregierungen der vergangenen Jahre \u2013 bewusst und ohne Skrupel eine gemeinsame Interessenvertretung von Besch\u00e4ftigten nach Kr\u00e4ften behindert oder unm\u00f6glich gemacht. Jetzt sollen als n\u00e4chste Schritte die Einschr\u00e4nkung der Koalitionsfreiheit und die Entsorgung der Tarifautonomie folgen. In Wahrheit lautet ihr Motto: \u201eMEIN Betrieb \u2013 und eine Gewerkschaft MEINER Wahl\u201c.<\/p><\/blockquote>\n<p>Den kompletten Aufruf gibt es <a title=\"H\u00e4nde weg vom Streikrecht!\" href=\"http:\/\/nachdenken-in-muenchen.de\/Wordpress\/wp-content\/uploads\/2014\/11\/141105_H\u00e4nde_weg_vom_Streikrecht.pdf\">hier als PDF zum Download<\/a>. Wir meinen, der Aufruf hat Unterst\u00fctzung und Verbreitung verdient. In dem Aufruf finden Sie auch die entsprechenden Kontaktadressen.<\/p>\n<p><small>Bildquelle: <a href=\"https:\/\/www.flickr.com\/photos\/gynti\/15550914666\/in\/photolist-pGbv9o-9Um43-e6sQHg-n4XxWV-89TkWR-pvyGmm-9Pjmr-6hhXz-6hhXs-6hhXq-6hhXo-2gjztH-5Axi8L-e8T3t3-e8Mt18-e8MkHk-e8Mod2-e8T683-e8T6QW-e8T4V5-e8T5D7-e8T4ow-e8SY3d-e8T5gG-e8MrLX-e8T6yA-e8Mjav-e8T2bs-e8T46o-e8Mmye-e8T3Ny-e8SXGu-e8MmSk-e8T9Jh-e8SYFS-e8T2XE-e8MieP-4wUZX6-7cPiMq-aeouPc-4wmpmf-4pvnhY-jWK4k7-jWGA9i-9ZPS3-muHyBs-3mTMxs-4wmodJ-jWGCan-4wmox9\" target=\"_blank\">gynti_46<\/a> \/ <a href=\"https:\/\/creativecommons.org\/licenses\/by-nc-sa\/2.0\/\" target=\"_blank\">CC BY-NC-SA 2.0<\/a><\/small><\/p>\n<a href=\"https:\/\/nachdenken-in-muenchen.de\/?p=1211&amp;wp_email_popup=1\" onclick=\"email_popup(this.href); return false;\"  title=\"Beitrag versenden\" rel=\"nofollow\">Beitrag versenden<\/a>\n<p>&nbsp;<\/p>\n<\/div>\n<p>&nbsp;<\/p>\n<p class=\"wpf_wrapper\"><a class=\"print_link\" href=\"\" target=\"_blank\">Drucken<\/a><\/p><!-- .wpf_wrapper --><div class=\"twoclick_social_bookmarks_post_1211 social_share_privacy clearfix 1.6.4 locale-de_DE sprite-de_DE\"><\/div><div class=\"twoclick-js\"><script type=\"text\/javascript\">\/* <![CDATA[ *\/\njQuery(document).ready(function($){if($('.twoclick_social_bookmarks_post_1211')){$('.twoclick_social_bookmarks_post_1211').socialSharePrivacy({\"services\":{\"facebook\":{\"status\":\"on\",\"txt_info\":\"2 Klicks f\\u00fcr mehr Datenschutz: Erst wenn Sie hier klicken, wird der Button aktiv und Sie k\\u00f6nnen Ihre Empfehlung an Facebook senden. Schon beim Aktivieren werden Daten an Dritte \\u00fcbertragen - siehe <em>i<\\\/em>.\",\"perma_option\":\"off\",\"action\":\"recommend\",\"language\":\"de_DE\"},\"twitter\":{\"reply_to\":\"\",\"tweet_text\":\"%20H%C3%A4nde%20weg%20vom%20Streikrecht%20%C2%BB%20Nachdenken%20in%20M%C3%BCnchen%20%23Gewerkschaften%20...\",\"status\":\"on\",\"txt_info\":\"2 Klicks f\\u00fcr mehr Datenschutz: Erst wenn Sie hier klicken, wird der Button aktiv und Sie k\\u00f6nnen Ihre Empfehlung an Twitter senden. Schon beim Aktivieren werden Daten an Dritte \\u00fcbertragen - siehe <em>i<\\\/em>.\",\"perma_option\":\"off\",\"language\":\"de\",\"referrer_track\":\"\"},\"gplus\":{\"status\":\"on\",\"txt_info\":\"2 Klicks f\\u00fcr mehr Datenschutz: Erst wenn Sie hier klicken, wird der Button aktiv und Sie k\\u00f6nnen Ihre Empfehlung an Google+ senden. Schon beim Aktivieren werden Daten an Dritte \\u00fcbertragen - siehe <em>i<\\\/em>.\",\"perma_option\":\"off\",\"referrer_track\":\"\"}},\"txt_help\":\"Wenn Sie diese Felder durch einen Klick aktivieren, werden Informationen an Facebook, Twitter, Flattr, Xing, t3n, LinkedIn, Pinterest oder Google eventuell ins Ausland \\u00fcbertragen und unter Umst\\u00e4nden auch dort gespeichert. N\\u00e4heres erfahren Sie durch einen Klick auf das <em>i<\\\/em>.\",\"settings_perma\":\"Dauerhaft aktivieren und Daten\\u00fcber-tragung zustimmen:\",\"info_link\":\"http:\\\/\\\/www.heise.de\\\/ct\\\/artikel\\\/2-Klicks-fuer-mehr-Datenschutz-1333879.html\",\"uri\":\"https:\\\/\\\/nachdenken-in-muenchen.de\\\/?p=1211\",\"post_id\":1211,\"post_title_referrer_track\":\"H%C3%A4nde+weg+vom+Streikrecht\",\"display_infobox\":\"on\"});}});\n\/* ]]> *\/<\/script><\/div>","protected":false},"excerpt":{"rendered":"<p>&#8220;Ein solches Gesetz zur Tarifeinheit, wie es Bundesarbeitsministerin Andrea Nahles (SPD) f\u00fcr den Herbst ank\u00fcndigt, hat viele Anh\u00e4nger. Unternehmen finden so ein Gesetz gut, Politiker, Arbeitgeberverb\u00e4nde und auch der DGB. Eine unheilige Allianz. Als w\u00fcrden sich katholische Kirche und Kondomhersteller zusammentun. Oder Alice Schwarzer und Rainer Br\u00fcderle. Die Motive sind unterschiedlich: Arbeitgeberverb\u00e4nde und Unternehmen wollen [&hellip;]<\/p>\n","protected":false},"author":4,"featured_media":0,"comment_status":"open","ping_status":"open","sticky":false,"template":"","format":"standard","meta":{"jetpack_post_was_ever_published":false,"_jetpack_newsletter_access":"","_jetpack_dont_email_post_to_subs":false,"_jetpack_newsletter_tier_id":0,"_jetpack_memberships_contains_paywalled_content":false,"_jetpack_memberships_contains_paid_content":false,"footnotes":"","jetpack_publicize_message":"","jetpack_publicize_feature_enabled":true,"jetpack_social_post_already_shared":true,"jetpack_social_options":{"image_generator_settings":{"template":"highway","default_image_id":0,"font":"","enabled":false},"version":2}},"categories":[2,8],"tags":[79,133,163,167],"coauthors":[],"class_list":["post-1211","post","type-post","status-publish","format-standard","hentry","category-allgemeines","category-volkswirtschaft","tag-gewerkschaften","tag-neoliberalismus","tag-streik","tag-tarifvertrag"],"jetpack_publicize_connections":[],"jetpack_featured_media_url":"","jetpack_sharing_enabled":true,"jetpack_shortlink":"https:\/\/wp.me\/p4UEhA-jx","_links":{"self":[{"href":"https:\/\/nachdenken-in-muenchen.de\/index.php?rest_route=\/wp\/v2\/posts\/1211","targetHints":{"allow":["GET"]}}],"collection":[{"href":"https:\/\/nachdenken-in-muenchen.de\/index.php?rest_route=\/wp\/v2\/posts"}],"about":[{"href":"https:\/\/nachdenken-in-muenchen.de\/index.php?rest_route=\/wp\/v2\/types\/post"}],"author":[{"embeddable":true,"href":"https:\/\/nachdenken-in-muenchen.de\/index.php?rest_route=\/wp\/v2\/users\/4"}],"replies":[{"embeddable":true,"href":"https:\/\/nachdenken-in-muenchen.de\/index.php?rest_route=%2Fwp%2Fv2%2Fcomments&post=1211"}],"version-history":[{"count":0,"href":"https:\/\/nachdenken-in-muenchen.de\/index.php?rest_route=\/wp\/v2\/posts\/1211\/revisions"}],"wp:attachment":[{"href":"https:\/\/nachdenken-in-muenchen.de\/index.php?rest_route=%2Fwp%2Fv2%2Fmedia&parent=1211"}],"wp:term":[{"taxonomy":"category","embeddable":true,"href":"https:\/\/nachdenken-in-muenchen.de\/index.php?rest_route=%2Fwp%2Fv2%2Fcategories&post=1211"},{"taxonomy":"post_tag","embeddable":true,"href":"https:\/\/nachdenken-in-muenchen.de\/index.php?rest_route=%2Fwp%2Fv2%2Ftags&post=1211"},{"taxonomy":"author","embeddable":true,"href":"https:\/\/nachdenken-in-muenchen.de\/index.php?rest_route=%2Fwp%2Fv2%2Fcoauthors&post=1211"}],"curies":[{"name":"wp","href":"https:\/\/api.w.org\/{rel}","templated":true}]}}