{"id":1190,"date":"2014-11-11T21:46:30","date_gmt":"2014-11-11T20:46:30","guid":{"rendered":"http:\/\/nachdenken-in-muenchen.de\/?p=1190"},"modified":"2018-05-10T20:27:52","modified_gmt":"2018-05-10T18:27:52","slug":"mehr-staat-der-unterschaetzte-innovationsmotor","status":"publish","type":"post","link":"https:\/\/nachdenken-in-muenchen.de\/?p=1190","title":{"rendered":"Mehr Staat! Der untersch\u00e4tzte Innovationsmotor!"},"content":{"rendered":"<p><img loading=\"lazy\" decoding=\"async\" class=\"alignleft\" src=\"https:\/\/www.kunstmann.de\/_cover_media\/600b\/9783956140006_3Dn.jpg\" alt=\"Das Kapital des Staates\" width=\"180\" height=\"283\" \/>Zur Zeit wird uns vor Augen gef\u00fchrt, wie trickreich und illegal <a title=\"Luxemburg-Leaks: Fragw\u00fcrdige Steuerpraktiken enth\u00fcllt\" href=\"http:\/\/www.sueddeutsche.de\/wirtschaft\/luxemburg-leaks-konzerne-ertricksen-sich-in-luxemburg-milliarden-an-steuern-1.2206997\" target=\"_blank\" rel=\"noopener noreferrer\">gro\u00dfe Konzerne Steuerzahlungen umgehen und Steuerflucht betreiben<\/a>. Dabei profitieren sie alle von den Investitionen, die von der Staaten get\u00e4tigt worden sind: Die IT-Firmen z.B. sind nicht in den Garagen entstanden sondern haben aufgebaut auf der staatlichen Infrastruktur in GPS, in das Internet oder in die staatlich subventionierte Chipindustrie.<!--more--><\/p>\n<p>Hier ein Beitrag aus der ZDF-Aspekte-Sendung und aus der gestrigen <a title=\"&quot;Kulturzeit&quot; am 10. November 2014\" href=\"http:\/\/www.3sat.de\/page\/?source=\/kulturzeit\/themen\/179359\/index.html\" target=\"_blank\" rel=\"noopener noreferrer\">&#8220;Kulturzeit&#8221; in 3Sat <\/a>\u00fcber Mariana Mazzucato und ihr <a title=\"Das Kapital des Staates\" href=\"http:\/\/www.kunstmann.de\/titel-0-0\/das_kapital_des_staates-1009\/\" target=\"_blank\" rel=\"noopener noreferrer\">Buch<\/a> &#8220;Das Kapital des Staates &#8211; eine andere Geschichte von Innovation und Wachstum&#8221;:<\/p>\n<blockquote><p>&#8220;Mehr Staat! Der untersch\u00e4tzte Innovationsmotor<\/p>\n<p><em><span id=\"\"><span id=\"\">Sie will nichts Geringeres, als ein Bild komplett revidieren, unsere Sprache dar\u00fcber ver\u00e4ndern: Die renommierte und charismatische \u00d6konomin Mariana Mazzucato r\u00e4umt mit einem grundlegenden Mythos \u00fcber den Staat auf. Innovation, Wachstum und technologischer Fortschritt wird von freien M\u00e4rkten, Garagenbastlern und jungen dynamischen Firmen geschaffen \u2013 fast schon ein Allgemeinplatz. Den Unternehmen traut man innovative Kraft zu, der Staat gilt als zu tr\u00e4ge und schwerf\u00e4llig. Von wegen, sagt Mazzucato. Die meisten der radikalen, revolution\u00e4ren Innovationen, die den Kapitalismus vorangetrieben haben &#8211; wie Eisenbahn, Internet, Nanotechnologie und Pharmaforschung &#8211; wer hat da fr\u00fch und nachhaltig investiert? Der Staat. Alle wichtigen Erfindungen, die zum Beispiel Apple gro\u00df gemacht haben, wurden mit Geldern der \u00f6ffentlichen Hand erforscht und gef\u00f6rdert. Innovationen und nachhaltiges Wachstum, das die Weltwirtschaft gerade dringend braucht, werden kaum von der B\u00f6rse kommen, so Mazzucato. Warum ist der Staat in unseren K\u00f6pfen immer noch der tr\u00e4ge Leviathan? Und was folgt, wenn wir seine Rolle als Player anerkennen? Mazzucato stellt mit ihrem Buch \u201eDas Kapital des Staates\u201c unser allgemeines Verst\u00e4ndnis von Wirtschaft auf den Kopf. Die \u00d6konomin lehrt nicht nur an der Universit\u00e4t Sussex, sondern ber\u00e4t auch Regierungen in aller Welt.&#8221;<\/span><\/span><\/em><\/p><\/blockquote>\n<p><a title=\"ACEMAXX ANALYTICS: Das Kapital des Staates\" href=\"http:\/\/acemaxx-analytics-dispinar.blogspot.de\/2014\/09\/das-kapital-des-staates.html\" target=\"_blank\" rel=\"noopener noreferrer\">Dazu der Link zu einer Buchbesprechung!<\/a><\/p>\n<p>Ausschnitte daraus:<\/p>\n<blockquote><p>&#8220;Im <b>iPhone<\/b> z.B. steckt nicht eine einzige Technologie (Internet, Drahtlosenetzwerke, GPS, Mikroelektronik, Touchscreen-Displays, SIRI), die nicht staatlich finanziert wurde&#8221;<\/p>\n<p>&#8220;In der Pharmabranche finanziert der Staat die riskantesten Forschungen, aber die grossen Pharmafirmen sch\u00f6pfen die Gewinne ab, schildert <a href=\"http:\/\/acemaxx-analytics-dispinar.blogspot.ch\/2014\/09\/patente-innovationen-und.html\" target=\"_blank\" rel=\"noopener noreferrer\">Mazzucato<\/a> mit konkreten Beispielen aus der Praxis allgemein verst\u00e4ndlich.&#8221;<\/p>\n<p>&#8220;Nach der Finanzkrise kam es zum Vorschein, dass die Finanzbranche zunehmend die Gewinne aus ihren Gesch\u00e4ften privatisiert und die Risiken sozialisiert hat, Diese Ungleichheit ist auch bei Innovationen zu beobachten, argumentiert <a href=\"http:\/\/marianamazzucato.com\/\" target=\"_blank\" rel=\"noopener noreferrer\">Mazzucato<\/a> und will damit vor Augen f\u00fchren, dass der Staat bei Innovationsprozessen, die zu Wachstum f\u00fchren, eine aktive Rolle spielt. Risiken werden zwar kollektiv getragen, aber Gewinne werden keineswegs kollektiv verteilt. Die amerikanischen Steuerzahler haben praktisch keine Vorstellung davon, wie ihre Steuern zu Innovationen\u00a0 und Wirtschaftswachstum in den USA beitragen. Sie wissen nicht, wie Privatunternehmen mit Innovationen Geld verdienen, die mit ihren Steuern unterst\u00fctzt wurden.&#8221;<\/p><\/blockquote>\n<p>Es ist eben nicht nur so, dass der Staat \u00fcber die Investitionen in die Infrastruktur des Landes, in Bildung, in innere Sicherheit, in Rechtsprechung, in Gesundheit und in Energieversorgung die Grundlage f\u00fcr die wirtschaftlichen Aktivit\u00e4ten schafft, sondern sogar Basistechnologien finanziert und zur Verf\u00fcgung stellt. Wenn die Neoliberalen vom freien Markt reden, dann vergessen sie immer, was dahinter steckt, oder sie verschweigen es.<\/p>\n<p>Deshalb ist dieses Buch so wichtig.\u00a0 Es wird auf meinem Wunschzettel stehen.<\/p>\n<p class=\"wpf_wrapper\"><a class=\"print_link\" href=\"\" target=\"_blank\">Drucken<\/a><\/p><!-- .wpf_wrapper --><div class=\"twoclick_social_bookmarks_post_1190 social_share_privacy clearfix 1.6.4 locale-de_DE sprite-de_DE\"><\/div><div class=\"twoclick-js\"><script type=\"text\/javascript\">\/* <![CDATA[ *\/\njQuery(document).ready(function($){if($('.twoclick_social_bookmarks_post_1190')){$('.twoclick_social_bookmarks_post_1190').socialSharePrivacy({\"services\":{\"facebook\":{\"status\":\"on\",\"txt_info\":\"2 Klicks f\\u00fcr mehr Datenschutz: Erst wenn Sie hier klicken, wird der Button aktiv und Sie k\\u00f6nnen Ihre Empfehlung an Facebook senden. Schon beim Aktivieren werden Daten an Dritte \\u00fcbertragen - siehe <em>i<\\\/em>.\",\"perma_option\":\"off\",\"action\":\"recommend\",\"language\":\"de_DE\"},\"twitter\":{\"reply_to\":\"\",\"tweet_text\":\"%20Mehr%20Staat%21%20Der%20untersch%C3%A4tzte%20Innovationsmotor%21%20%C2%BB%20Nachdenken%20in%20M%C3%BCnchen%20...\",\"status\":\"on\",\"txt_info\":\"2 Klicks f\\u00fcr mehr Datenschutz: Erst wenn Sie hier klicken, wird der Button aktiv und Sie k\\u00f6nnen Ihre Empfehlung an Twitter senden. Schon beim Aktivieren werden Daten an Dritte \\u00fcbertragen - siehe <em>i<\\\/em>.\",\"perma_option\":\"off\",\"language\":\"de\",\"referrer_track\":\"\"},\"gplus\":{\"status\":\"on\",\"txt_info\":\"2 Klicks f\\u00fcr mehr Datenschutz: Erst wenn Sie hier klicken, wird der Button aktiv und Sie k\\u00f6nnen Ihre Empfehlung an Google+ senden. Schon beim Aktivieren werden Daten an Dritte \\u00fcbertragen - siehe <em>i<\\\/em>.\",\"perma_option\":\"off\",\"referrer_track\":\"\"}},\"txt_help\":\"Wenn Sie diese Felder durch einen Klick aktivieren, werden Informationen an Facebook, Twitter, Flattr, Xing, t3n, LinkedIn, Pinterest oder Google eventuell ins Ausland \\u00fcbertragen und unter Umst\\u00e4nden auch dort gespeichert. N\\u00e4heres erfahren Sie durch einen Klick auf das <em>i<\\\/em>.\",\"settings_perma\":\"Dauerhaft aktivieren und Daten\\u00fcber-tragung zustimmen:\",\"info_link\":\"http:\\\/\\\/www.heise.de\\\/ct\\\/artikel\\\/2-Klicks-fuer-mehr-Datenschutz-1333879.html\",\"uri\":\"https:\\\/\\\/nachdenken-in-muenchen.de\\\/?p=1190\",\"post_id\":1190,\"post_title_referrer_track\":\"Mehr+Staat%21+Der+untersch%C3%A4tzte+Innovationsmotor%21\",\"display_infobox\":\"on\"});}});\n\/* ]]> *\/<\/script><\/div>","protected":false},"excerpt":{"rendered":"<p>Zur Zeit wird uns vor Augen gef\u00fchrt, wie trickreich und illegal gro\u00dfe Konzerne Steuerzahlungen umgehen und Steuerflucht betreiben. Dabei profitieren sie alle von den Investitionen, die von der Staaten get\u00e4tigt worden sind: Die IT-Firmen z.B. sind nicht in den Garagen entstanden sondern haben aufgebaut auf der staatlichen Infrastruktur in GPS, in das Internet oder in [&hellip;]<\/p>\n","protected":false},"author":3,"featured_media":0,"comment_status":"open","ping_status":"open","sticky":false,"template":"","format":"standard","meta":{"jetpack_post_was_ever_published":false,"_jetpack_newsletter_access":"","_jetpack_dont_email_post_to_subs":false,"_jetpack_newsletter_tier_id":0,"_jetpack_memberships_contains_paywalled_content":false,"_jetpack_memberships_contains_paid_content":false,"footnotes":"","jetpack_publicize_message":"","jetpack_publicize_feature_enabled":true,"jetpack_social_post_already_shared":true,"jetpack_social_options":{"image_generator_settings":{"template":"highway","default_image_id":0,"font":"","enabled":false},"version":2}},"categories":[2,8],"tags":[118,133,189],"coauthors":[345],"class_list":["post-1190","post","type-post","status-publish","format-standard","hentry","category-allgemeines","category-volkswirtschaft","tag-mazzucato","tag-neoliberalismus","tag-wachstum"],"jetpack_publicize_connections":[],"jetpack_featured_media_url":"","jetpack_sharing_enabled":true,"jetpack_shortlink":"https:\/\/wp.me\/p4UEhA-jc","_links":{"self":[{"href":"https:\/\/nachdenken-in-muenchen.de\/index.php?rest_route=\/wp\/v2\/posts\/1190","targetHints":{"allow":["GET"]}}],"collection":[{"href":"https:\/\/nachdenken-in-muenchen.de\/index.php?rest_route=\/wp\/v2\/posts"}],"about":[{"href":"https:\/\/nachdenken-in-muenchen.de\/index.php?rest_route=\/wp\/v2\/types\/post"}],"author":[{"embeddable":true,"href":"https:\/\/nachdenken-in-muenchen.de\/index.php?rest_route=\/wp\/v2\/users\/3"}],"replies":[{"embeddable":true,"href":"https:\/\/nachdenken-in-muenchen.de\/index.php?rest_route=%2Fwp%2Fv2%2Fcomments&post=1190"}],"version-history":[{"count":0,"href":"https:\/\/nachdenken-in-muenchen.de\/index.php?rest_route=\/wp\/v2\/posts\/1190\/revisions"}],"wp:attachment":[{"href":"https:\/\/nachdenken-in-muenchen.de\/index.php?rest_route=%2Fwp%2Fv2%2Fmedia&parent=1190"}],"wp:term":[{"taxonomy":"category","embeddable":true,"href":"https:\/\/nachdenken-in-muenchen.de\/index.php?rest_route=%2Fwp%2Fv2%2Fcategories&post=1190"},{"taxonomy":"post_tag","embeddable":true,"href":"https:\/\/nachdenken-in-muenchen.de\/index.php?rest_route=%2Fwp%2Fv2%2Ftags&post=1190"},{"taxonomy":"author","embeddable":true,"href":"https:\/\/nachdenken-in-muenchen.de\/index.php?rest_route=%2Fwp%2Fv2%2Fcoauthors&post=1190"}],"curies":[{"name":"wp","href":"https:\/\/api.w.org\/{rel}","templated":true}]}}